{"id":22278,"date":"2024-07-01T21:55:59","date_gmt":"2024-07-01T19:55:59","guid":{"rendered":"http:\/\/windwerk.ch.w01f6705.kasserver.com\/?p=22278"},"modified":"2024-09-05T17:12:35","modified_gmt":"2024-09-05T15:12:35","slug":"flugzeit-im-windkanal","status":"publish","type":"post","link":"https:\/\/www.windwerk.ch\/de\/blog\/flugzeit-im-windkanal","title":{"rendered":"Mach das Beste aus Deiner Trainingssession: Optimierung der Flugzeiten im Windkanal"},"content":{"rendered":"<p style=\"font-weight: 400;\">Im Indoor Skydiving, wo Pr\u00e4zision und Leidenschaft zusammenkommen, stehen wir manchmal vor echten logistischen Herausforderungen. Proflyer, die bei uns trainieren und in ganz verschiedenen Disziplinen aktiv sind, nutzen die Windkanalanlage regelm\u00e4ssig f\u00fcr 30-min\u00fctige Sessions. Die Koordination zwischen den Dynamic Flyers und den Formation Teams ist dabei besonders knifflig.<\/p>\n<p style=\"font-weight: 400;\">F\u00fcr die dynamischen Disziplinen sind Durchg\u00e4nge von bis zu 5 Minuten ideal. Wenn man also eine Buchungszeit von 15 Minuten pro halber Stunde hat, macht man 3 Wechsel. Im Gegensatz dazu brauchen Formation Teams beim Skydiving k\u00fcrzere Durchg\u00e4nge von 90 bis 100 Sekunden. Das heisst, sie wechseln in derselben Zeit bis zu 9 oder 10 Mal. Wenn ein Formation Team und ein Freefly Team gleichzeitig trainieren, geht es richtig rund und es entsteht ein Ungleichgewicht, weil l\u00e4ngere Durchg\u00e4nge die Anzahl der Wechsel verringern.<\/p>\n<h3 style=\"font-weight: 400;\"><strong>L\u00f6sungen f\u00fcr eine bessere Verteilung der Flugzeiten<\/strong><\/h3>\n<p style=\"font-weight: 400;\">Wenn es also darum geht, die Flugzeiten im Windkanal besser zu verteilen, ist Kompromissbereitschaft gefragt. Nur so k\u00f6nnen wir den Betrieb effizienter und gerechter f\u00fcr alle gestalten. Um dies zu erreichen, gibt es folgende Optionen:<\/p>\n<ul>\n<li>Anpassung der Durchgangszeiten: Bei Buchungen mit 15 Minuten pro Team und Session planen die Teams in dynamischen und Freefly-Disziplinen ihre Durchg\u00e4nge mit maximal 2 Minuten und 30 Sekunden. Das heisst, sie kommen auf 6 Wechsel. Formation Teams hingegen planen ihre Durchg\u00e4nge mit mindestens 2 Minuten und 20 Sekunden und kommen damit auf 7 Rotationen. Bei dieser Planung treffen sich alle in der Mitte und der Flugbetrieb l\u00e4uft reibungslos ab.<\/li>\n<\/ul>\n<p style=\"font-weight: 400;\">Falls mehr Rotationen gew\u00fcnscht sind, kommen folgende Buchungsoptionen in Frage:<\/p>\n<ul>\n<li>Wenn Ihr die Buchungszeit auf 10 Minuten pro Session reduziert, kann man bei 90-sek\u00fcndigen Durchgangszeiten 6 bis 7 Rotationen fliegen. Das l\u00e4sst sich auch mit allen anderen Fliegenden gut vereinbaren.<\/li>\n<li>Wenn Ihr eine komplette 30-min\u00fctige Session f\u00fcr ein Team bucht, k\u00f6nnt Ihr individuelle Durchgangszeiten vereinbaren, solange das Zeitlimit von 30 Minuten eingehalten wird.<\/li>\n<li>Stimmt Euch bei der Buchung mit einem Team mit denselben Anspr\u00fcchen an die Durchg\u00e4nge ab, dann geht dies in allen F\u00e4llen auf.<br \/>\nHier unterst\u00fctzen wir gerne und versuchen, Teams mit gleichen Bed\u00fcrfnissen zusammenzubringen. Wichtig ist, dass wir die Trainingsanfragen fr\u00fchzeitig erhalten. Bitte verwendet daf\u00fcr unser <a href=\"https:\/\/forms.office.com\/e\/gePzk72JgV\">Formular<\/a>. Wir setzen uns anschliessend baldm\u00f6glichst mit Euch in Verbindung.<\/li>\n<\/ul>\n<p>&nbsp;<\/p>\n<h3><strong>Wie sieht es aus mit den Deadlines f\u00fcr Buchung der Trainingszeiten f\u00fcr 2025?<\/strong><\/h3>\n<p>&nbsp;<\/p>\n<p>Buchungszeitraum<strong> 1. Halbjahr 2025 \u27a1\ufe0f <\/strong>Deadline Abgabe Trainingsdaten\/-zeiten<strong>: Ende Juli 2024.<\/strong><\/p>\n<p>Buchungszeitraum<strong> 2. Halbjahr 2025 \u27a1\ufe0f <\/strong>Deadline Abgabe Trainingsdaten\/-zeiten<strong>: Ende Januar 2025.<\/strong><\/p>\n<p>&nbsp;<\/p>\n<h3 style=\"font-weight: 400;\"><strong>Mit Kompromissbereitschaft, Flexibilit\u00e4t und Kommunikation gemeinsam zum Ziel<\/strong><\/h3>\n<p style=\"font-weight: 400;\">Wir legen Wert darauf, gemeinsam gute L\u00f6sungen zu finden, damit sich alle Sportler:innen wohlf\u00fchlen und ihre Trainingszeit optimal nutzen k\u00f6nnen. Das klappt nur, wenn alle an einem Strang ziehen, kompromissbereit sind und offen kommunizieren. Wir k\u00f6nnen die Buchungen flexibel gestalten und die Durchgangszeiten anpassen, damit alle Teilnehmenden ein optimales Trainingserlebnis haben und jede Session im Windkanal sowohl effizient als auch fair abl\u00e4uft.<\/p>\n<p style=\"font-weight: 400;\">Gerne bieten wir zuk\u00fcnftig die oben vorgeschlagenen M\u00f6glichkeiten an. Sollte sich zeigen, dass diese Angebote noch nicht gut genug sind oder nicht funktionieren, \u00fcberlegen wir gerne weiter, was wir noch tun k\u00f6nnen, damit alle Proflyer happy bei uns sind. Das k\u00f6nnte zum Beispiel bedeuten, dass wir die oben genannten L\u00f6sungen als verbindlich erkl\u00e4ren. Am liebsten ist es uns aber, wenn wir miteinander im Gespr\u00e4ch bleiben.<\/p>\n<p>Lasst uns weiterhin gemeinsam daran arbeiten, das Beste aus jedem Training herauszuholen.<\/p>\n<p>&nbsp;<\/p>\n<p>Du bist noch kein Proflyer? <a href=\"https:\/\/www.windwerk.ch\/de\/buchen?tab=proflyer\">Jetzt Proflyer werden!<\/a><\/p>\n","protected":false},"excerpt":{"rendered":"<p>Im Indoor Skydiving, wo Pr\u00e4zision und Leidenschaft zusammenkommen, stehen wir manchmal vor echten logistischen Herausforderungen. Proflyer, die bei uns trainieren und in ganz verschiedenen Disziplinen aktiv sind, nutzen die Windkanalanlage &#8230;<\/p>\n","protected":false},"author":7,"featured_media":22279,"comment_status":"open","ping_status":"open","sticky":false,"template":"","format":"standard","meta":{"_acf_changed":false,"footnotes":""},"categories":[48],"tags":[],"class_list":["post-22278","post","type-post","status-publish","format-standard","has-post-thumbnail","hentry","category-allgemein","has_thumb"],"acf":[],"yoast_head":"<!-- This site is optimized with the Yoast SEO Premium plugin v26.0 (Yoast SEO v27.3) - https:\/\/yoast.com\/product\/yoast-seo-premium-wordpress\/ -->\n<title>Mach das Beste aus Deiner Trainingssession: Optimierung der Flugzeiten im Windkanal - Windwerk Indoor Skydiving<\/title>\n<meta name=\"description\" content=\"Mein erster Flug: In die T\u00fcr stehen, Arme nach oben, Gesicht voran in den Windkanal fallen lassen \u2013 eine pl\u00f6tzliche Flut von Emotionen...\" \/>\n<meta name=\"robots\" content=\"index, follow, max-snippet:-1, max-image-preview:large, max-video-preview:-1\" \/>\n<link rel=\"canonical\" href=\"https:\/\/www.windwerk.ch\/de\/blog\/flugzeit-im-windkanal\" \/>\n<meta property=\"og:locale\" content=\"de_DE\" \/>\n<meta property=\"og:type\" content=\"article\" \/>\n<meta property=\"og:title\" content=\"Mach das Beste aus Deiner Trainingssession: Optimierung der Flugzeiten im Windkanal\" \/>\n<meta property=\"og:description\" content=\"Mein erster Flug: In die T\u00fcr stehen, Arme nach oben, Gesicht voran in den Windkanal fallen lassen \u2013 eine pl\u00f6tzliche Flut von Emotionen...\" \/>\n<meta property=\"og:url\" content=\"https:\/\/www.windwerk.ch\/de\/blog\/flugzeit-im-windkanal\" \/>\n<meta property=\"og:site_name\" content=\"Windwerk Indoor Skydiving\" \/>\n<meta property=\"article:published_time\" content=\"2024-07-01T19:55:59+00:00\" \/>\n<meta property=\"article:modified_time\" content=\"2024-09-05T15:12:35+00:00\" \/>\n<meta property=\"og:image\" content=\"https:\/\/www.windwerk.ch\/wp-content\/uploads\/2024\/08\/windwerk_blog_juni_2024_01-scaled-1.jpg\" \/>\n\t<meta property=\"og:image:width\" content=\"2560\" \/>\n\t<meta property=\"og:image:height\" content=\"1440\" \/>\n\t<meta property=\"og:image:type\" content=\"image\/jpeg\" \/>\n<meta name=\"author\" content=\"dennis\" \/>\n<meta name=\"twitter:card\" content=\"summary_large_image\" \/>\n<meta name=\"twitter:label1\" content=\"Verfasst von\" \/>\n\t<meta name=\"twitter:data1\" content=\"dennis\" \/>\n\t<meta name=\"twitter:label2\" content=\"Gesch\u00e4tzte Lesezeit\" \/>\n\t<meta name=\"twitter:data2\" content=\"4\u00a0Minuten\" \/>\n<script type=\"application\/ld+json\" class=\"yoast-schema-graph\">{\"@context\":\"https:\\\/\\\/schema.org\",\"@graph\":[{\"@type\":\"Article\",\"@id\":\"https:\\\/\\\/www.windwerk.ch\\\/de\\\/blog\\\/flugzeit-im-windkanal#article\",\"isPartOf\":{\"@id\":\"https:\\\/\\\/www.windwerk.ch\\\/de\\\/blog\\\/flugzeit-im-windkanal\"},\"author\":{\"name\":\"dennis\",\"@id\":\"https:\\\/\\\/www.windwerk.ch\\\/de\\\/#\\\/schema\\\/person\\\/b821a0d3a91b810abc9ed8cf7d54f598\"},\"headline\":\"Mach das Beste aus Deiner Trainingssession: Optimierung der Flugzeiten im Windkanal\",\"datePublished\":\"2024-07-01T19:55:59+00:00\",\"dateModified\":\"2024-09-05T15:12:35+00:00\",\"mainEntityOfPage\":{\"@id\":\"https:\\\/\\\/www.windwerk.ch\\\/de\\\/blog\\\/flugzeit-im-windkanal\"},\"wordCount\":587,\"commentCount\":0,\"image\":{\"@id\":\"https:\\\/\\\/www.windwerk.ch\\\/de\\\/blog\\\/flugzeit-im-windkanal#primaryimage\"},\"thumbnailUrl\":\"https:\\\/\\\/www.windwerk.ch\\\/wp-content\\\/uploads\\\/2024\\\/08\\\/windwerk_blog_juni_2024_01-scaled-1.jpg\",\"inLanguage\":\"de\",\"potentialAction\":[{\"@type\":\"CommentAction\",\"name\":\"Comment\",\"target\":[\"https:\\\/\\\/www.windwerk.ch\\\/de\\\/blog\\\/flugzeit-im-windkanal#respond\"]}]},{\"@type\":\"WebPage\",\"@id\":\"https:\\\/\\\/www.windwerk.ch\\\/de\\\/blog\\\/flugzeit-im-windkanal\",\"url\":\"https:\\\/\\\/www.windwerk.ch\\\/de\\\/blog\\\/flugzeit-im-windkanal\",\"name\":\"Mach das Beste aus Deiner Trainingssession: Optimierung der Flugzeiten im Windkanal - Windwerk Indoor Skydiving\",\"isPartOf\":{\"@id\":\"https:\\\/\\\/www.windwerk.ch\\\/de\\\/#website\"},\"primaryImageOfPage\":{\"@id\":\"https:\\\/\\\/www.windwerk.ch\\\/de\\\/blog\\\/flugzeit-im-windkanal#primaryimage\"},\"image\":{\"@id\":\"https:\\\/\\\/www.windwerk.ch\\\/de\\\/blog\\\/flugzeit-im-windkanal#primaryimage\"},\"thumbnailUrl\":\"https:\\\/\\\/www.windwerk.ch\\\/wp-content\\\/uploads\\\/2024\\\/08\\\/windwerk_blog_juni_2024_01-scaled-1.jpg\",\"datePublished\":\"2024-07-01T19:55:59+00:00\",\"dateModified\":\"2024-09-05T15:12:35+00:00\",\"author\":{\"@id\":\"https:\\\/\\\/www.windwerk.ch\\\/de\\\/#\\\/schema\\\/person\\\/b821a0d3a91b810abc9ed8cf7d54f598\"},\"description\":\"Mein erster Flug: In die T\u00fcr stehen, Arme nach oben, Gesicht voran in den Windkanal fallen lassen \u2013 eine pl\u00f6tzliche Flut von Emotionen...\",\"breadcrumb\":{\"@id\":\"https:\\\/\\\/www.windwerk.ch\\\/de\\\/blog\\\/flugzeit-im-windkanal#breadcrumb\"},\"inLanguage\":\"de\",\"potentialAction\":[{\"@type\":\"ReadAction\",\"target\":[\"https:\\\/\\\/www.windwerk.ch\\\/de\\\/blog\\\/flugzeit-im-windkanal\"]}]},{\"@type\":\"ImageObject\",\"inLanguage\":\"de\",\"@id\":\"https:\\\/\\\/www.windwerk.ch\\\/de\\\/blog\\\/flugzeit-im-windkanal#primaryimage\",\"url\":\"https:\\\/\\\/www.windwerk.ch\\\/wp-content\\\/uploads\\\/2024\\\/08\\\/windwerk_blog_juni_2024_01-scaled-1.jpg\",\"contentUrl\":\"https:\\\/\\\/www.windwerk.ch\\\/wp-content\\\/uploads\\\/2024\\\/08\\\/windwerk_blog_juni_2024_01-scaled-1.jpg\",\"width\":2560,\"height\":1440},{\"@type\":\"BreadcrumbList\",\"@id\":\"https:\\\/\\\/www.windwerk.ch\\\/de\\\/blog\\\/flugzeit-im-windkanal#breadcrumb\",\"itemListElement\":[{\"@type\":\"ListItem\",\"position\":1,\"name\":\"Home\",\"item\":\"https:\\\/\\\/www.windwerk.ch\\\/de\"},{\"@type\":\"ListItem\",\"position\":2,\"name\":\"Mach das Beste aus Deiner Trainingssession: Optimierung der Flugzeiten im Windkanal\"}]},{\"@type\":\"WebSite\",\"@id\":\"https:\\\/\\\/www.windwerk.ch\\\/de\\\/#website\",\"url\":\"https:\\\/\\\/www.windwerk.ch\\\/de\\\/\",\"name\":\"Windwerk Indoor Skydiving und Bodyflying\",\"description\":\"Indoor Skydiving und Bodyflying\",\"potentialAction\":[{\"@type\":\"SearchAction\",\"target\":{\"@type\":\"EntryPoint\",\"urlTemplate\":\"https:\\\/\\\/www.windwerk.ch\\\/de\\\/?s={search_term_string}\"},\"query-input\":{\"@type\":\"PropertyValueSpecification\",\"valueRequired\":true,\"valueName\":\"search_term_string\"}}],\"inLanguage\":\"de\"},{\"@type\":\"Person\",\"@id\":\"https:\\\/\\\/www.windwerk.ch\\\/de\\\/#\\\/schema\\\/person\\\/b821a0d3a91b810abc9ed8cf7d54f598\",\"name\":\"dennis\",\"image\":{\"@type\":\"ImageObject\",\"inLanguage\":\"de\",\"@id\":\"https:\\\/\\\/secure.gravatar.com\\\/avatar\\\/8adbf7f594307ebc28f5fe87496aeb1f427a19b4e39732e616cee007744fcfb1?s=96&d=mm&r=g\",\"url\":\"https:\\\/\\\/secure.gravatar.com\\\/avatar\\\/8adbf7f594307ebc28f5fe87496aeb1f427a19b4e39732e616cee007744fcfb1?s=96&d=mm&r=g\",\"contentUrl\":\"https:\\\/\\\/secure.gravatar.com\\\/avatar\\\/8adbf7f594307ebc28f5fe87496aeb1f427a19b4e39732e616cee007744fcfb1?s=96&d=mm&r=g\",\"caption\":\"dennis\"}}]}<\/script>\n<!-- \/ Yoast SEO Premium plugin. -->","yoast_head_json":{"title":"Mach das Beste aus Deiner Trainingssession: Optimierung der Flugzeiten im Windkanal - Windwerk Indoor Skydiving","description":"Mein erster Flug: In die T\u00fcr stehen, Arme nach oben, Gesicht voran in den Windkanal fallen lassen \u2013 eine pl\u00f6tzliche Flut von Emotionen...","robots":{"index":"index","follow":"follow","max-snippet":"max-snippet:-1","max-image-preview":"max-image-preview:large","max-video-preview":"max-video-preview:-1"},"canonical":"https:\/\/www.windwerk.ch\/de\/blog\/flugzeit-im-windkanal","og_locale":"de_DE","og_type":"article","og_title":"Mach das Beste aus Deiner Trainingssession: Optimierung der Flugzeiten im Windkanal","og_description":"Mein erster Flug: In die T\u00fcr stehen, Arme nach oben, Gesicht voran in den Windkanal fallen lassen \u2013 eine pl\u00f6tzliche Flut von Emotionen...","og_url":"https:\/\/www.windwerk.ch\/de\/blog\/flugzeit-im-windkanal","og_site_name":"Windwerk Indoor Skydiving","article_published_time":"2024-07-01T19:55:59+00:00","article_modified_time":"2024-09-05T15:12:35+00:00","og_image":[{"width":2560,"height":1440,"url":"https:\/\/www.windwerk.ch\/wp-content\/uploads\/2024\/08\/windwerk_blog_juni_2024_01-scaled-1.jpg","type":"image\/jpeg"}],"author":"dennis","twitter_card":"summary_large_image","twitter_misc":{"Verfasst von":"dennis","Gesch\u00e4tzte Lesezeit":"4\u00a0Minuten"},"schema":{"@context":"https:\/\/schema.org","@graph":[{"@type":"Article","@id":"https:\/\/www.windwerk.ch\/de\/blog\/flugzeit-im-windkanal#article","isPartOf":{"@id":"https:\/\/www.windwerk.ch\/de\/blog\/flugzeit-im-windkanal"},"author":{"name":"dennis","@id":"https:\/\/www.windwerk.ch\/de\/#\/schema\/person\/b821a0d3a91b810abc9ed8cf7d54f598"},"headline":"Mach das Beste aus Deiner Trainingssession: Optimierung der Flugzeiten im Windkanal","datePublished":"2024-07-01T19:55:59+00:00","dateModified":"2024-09-05T15:12:35+00:00","mainEntityOfPage":{"@id":"https:\/\/www.windwerk.ch\/de\/blog\/flugzeit-im-windkanal"},"wordCount":587,"commentCount":0,"image":{"@id":"https:\/\/www.windwerk.ch\/de\/blog\/flugzeit-im-windkanal#primaryimage"},"thumbnailUrl":"https:\/\/www.windwerk.ch\/wp-content\/uploads\/2024\/08\/windwerk_blog_juni_2024_01-scaled-1.jpg","inLanguage":"de","potentialAction":[{"@type":"CommentAction","name":"Comment","target":["https:\/\/www.windwerk.ch\/de\/blog\/flugzeit-im-windkanal#respond"]}]},{"@type":"WebPage","@id":"https:\/\/www.windwerk.ch\/de\/blog\/flugzeit-im-windkanal","url":"https:\/\/www.windwerk.ch\/de\/blog\/flugzeit-im-windkanal","name":"Mach das Beste aus Deiner Trainingssession: Optimierung der Flugzeiten im Windkanal - Windwerk Indoor Skydiving","isPartOf":{"@id":"https:\/\/www.windwerk.ch\/de\/#website"},"primaryImageOfPage":{"@id":"https:\/\/www.windwerk.ch\/de\/blog\/flugzeit-im-windkanal#primaryimage"},"image":{"@id":"https:\/\/www.windwerk.ch\/de\/blog\/flugzeit-im-windkanal#primaryimage"},"thumbnailUrl":"https:\/\/www.windwerk.ch\/wp-content\/uploads\/2024\/08\/windwerk_blog_juni_2024_01-scaled-1.jpg","datePublished":"2024-07-01T19:55:59+00:00","dateModified":"2024-09-05T15:12:35+00:00","author":{"@id":"https:\/\/www.windwerk.ch\/de\/#\/schema\/person\/b821a0d3a91b810abc9ed8cf7d54f598"},"description":"Mein erster Flug: In die T\u00fcr stehen, Arme nach oben, Gesicht voran in den Windkanal fallen lassen \u2013 eine pl\u00f6tzliche Flut von Emotionen...","breadcrumb":{"@id":"https:\/\/www.windwerk.ch\/de\/blog\/flugzeit-im-windkanal#breadcrumb"},"inLanguage":"de","potentialAction":[{"@type":"ReadAction","target":["https:\/\/www.windwerk.ch\/de\/blog\/flugzeit-im-windkanal"]}]},{"@type":"ImageObject","inLanguage":"de","@id":"https:\/\/www.windwerk.ch\/de\/blog\/flugzeit-im-windkanal#primaryimage","url":"https:\/\/www.windwerk.ch\/wp-content\/uploads\/2024\/08\/windwerk_blog_juni_2024_01-scaled-1.jpg","contentUrl":"https:\/\/www.windwerk.ch\/wp-content\/uploads\/2024\/08\/windwerk_blog_juni_2024_01-scaled-1.jpg","width":2560,"height":1440},{"@type":"BreadcrumbList","@id":"https:\/\/www.windwerk.ch\/de\/blog\/flugzeit-im-windkanal#breadcrumb","itemListElement":[{"@type":"ListItem","position":1,"name":"Home","item":"https:\/\/www.windwerk.ch\/de"},{"@type":"ListItem","position":2,"name":"Mach das Beste aus Deiner Trainingssession: Optimierung der Flugzeiten im Windkanal"}]},{"@type":"WebSite","@id":"https:\/\/www.windwerk.ch\/de\/#website","url":"https:\/\/www.windwerk.ch\/de\/","name":"Windwerk Indoor Skydiving und Bodyflying","description":"Indoor Skydiving und Bodyflying","potentialAction":[{"@type":"SearchAction","target":{"@type":"EntryPoint","urlTemplate":"https:\/\/www.windwerk.ch\/de\/?s={search_term_string}"},"query-input":{"@type":"PropertyValueSpecification","valueRequired":true,"valueName":"search_term_string"}}],"inLanguage":"de"},{"@type":"Person","@id":"https:\/\/www.windwerk.ch\/de\/#\/schema\/person\/b821a0d3a91b810abc9ed8cf7d54f598","name":"dennis","image":{"@type":"ImageObject","inLanguage":"de","@id":"https:\/\/secure.gravatar.com\/avatar\/8adbf7f594307ebc28f5fe87496aeb1f427a19b4e39732e616cee007744fcfb1?s=96&d=mm&r=g","url":"https:\/\/secure.gravatar.com\/avatar\/8adbf7f594307ebc28f5fe87496aeb1f427a19b4e39732e616cee007744fcfb1?s=96&d=mm&r=g","contentUrl":"https:\/\/secure.gravatar.com\/avatar\/8adbf7f594307ebc28f5fe87496aeb1f427a19b4e39732e616cee007744fcfb1?s=96&d=mm&r=g","caption":"dennis"}}]}},"_links":{"self":[{"href":"https:\/\/www.windwerk.ch\/de\/wp-json\/wp\/v2\/posts\/22278","targetHints":{"allow":["GET"]}}],"collection":[{"href":"https:\/\/www.windwerk.ch\/de\/wp-json\/wp\/v2\/posts"}],"about":[{"href":"https:\/\/www.windwerk.ch\/de\/wp-json\/wp\/v2\/types\/post"}],"author":[{"embeddable":true,"href":"https:\/\/www.windwerk.ch\/de\/wp-json\/wp\/v2\/users\/7"}],"replies":[{"embeddable":true,"href":"https:\/\/www.windwerk.ch\/de\/wp-json\/wp\/v2\/comments?post=22278"}],"version-history":[{"count":2,"href":"https:\/\/www.windwerk.ch\/de\/wp-json\/wp\/v2\/posts\/22278\/revisions"}],"predecessor-version":[{"id":22569,"href":"https:\/\/www.windwerk.ch\/de\/wp-json\/wp\/v2\/posts\/22278\/revisions\/22569"}],"wp:featuredmedia":[{"embeddable":true,"href":"https:\/\/www.windwerk.ch\/de\/wp-json\/wp\/v2\/media\/22279"}],"wp:attachment":[{"href":"https:\/\/www.windwerk.ch\/de\/wp-json\/wp\/v2\/media?parent=22278"}],"wp:term":[{"taxonomy":"category","embeddable":true,"href":"https:\/\/www.windwerk.ch\/de\/wp-json\/wp\/v2\/categories?post=22278"},{"taxonomy":"post_tag","embeddable":true,"href":"https:\/\/www.windwerk.ch\/de\/wp-json\/wp\/v2\/tags?post=22278"}],"curies":[{"name":"wp","href":"https:\/\/api.w.org\/{rel}","templated":true}]}}