{"id":23540,"date":"2024-11-28T14:07:49","date_gmt":"2024-11-28T13:07:49","guid":{"rendered":"https:\/\/www.windwerk.ch\/?p=23540"},"modified":"2024-11-30T16:24:22","modified_gmt":"2024-11-30T15:24:22","slug":"2024-jahresrueckblick","status":"publish","type":"post","link":"https:\/\/www.windwerk.ch\/de\/blog\/2024-jahresrueckblick","title":{"rendered":"Unser Jahr 2024: Viel Wirbel, nicht nur im Windkanal"},"content":{"rendered":"<p style=\"font-weight: 400;\">Das Jahr ist im wahren Sinne des Wortes im Flug vorbeigegangen. Gerade haben wir noch die Schweizer Indoor Skydiving Meisterschaften organisiert, und jetzt sind wir schon dabei, Weihnachtsgutscheine zu verpacken. Deshalb haben wir uns die Zeit genommen, Revue passieren zu lassen, was alles los war.<\/p>\n<h3 style=\"font-weight: 400;\"><strong>Kr\u00e4ftemessen der Besten: Schweizer Indoor Skydiving Meisterschaften <\/strong><\/h3>\n<p style=\"font-weight: 400;\">Im M\u00e4rz trafen sich die besten Indoor Skydivers der Schweiz im Windwerk, um sich in verschiedenen Disziplinen zu messen. Es waren zwei spektakul\u00e4re Tage, die von Fairness und einer sensationellen Stimmung gepr\u00e4gt waren. Die Teilnehmenden gaben alles, um ihr fliegerisches K\u00f6nnen unter Beweis zu stellen. Zahlreiche Zuschauer:innen waren von der Performance der Wettk\u00e4mpfer:innen begeistert und sparten nicht mit Applaus. Unsere Special Guests und gleichzeitig Moderatoren im Stream waren Charles Nguela, Adrian Fenner und Jonathan Hausherr, die den Wettkampf optimal begleiteten. Und nat\u00fcrlich wurde bei der Afterparty bis sp\u00e4t in die Nacht gefeiert.<\/p>\n<p><img decoding=\"async\" class=\"alignnone wp-image-1121 size-large lazyload\" data-src=\"https:\/\/www.windwerk.ch\/wp-content\/uploads\/2024\/03\/20240309_windwerk-schweizer-meisterschaften-36-scaled-1-1024x683.jpg\" alt=\"\" width=\"1024\" height=\"683\" data-srcset=\"https:\/\/www.windwerk.ch\/wp-content\/uploads\/2024\/03\/20240309_windwerk-schweizer-meisterschaften-36-scaled-1-1024x683.jpg 1024w, https:\/\/www.windwerk.ch\/wp-content\/uploads\/2024\/03\/20240309_windwerk-schweizer-meisterschaften-36-scaled-1-300x200.jpg 300w, https:\/\/www.windwerk.ch\/wp-content\/uploads\/2024\/03\/20240309_windwerk-schweizer-meisterschaften-36-scaled-1-768x512.jpg 768w, https:\/\/www.windwerk.ch\/wp-content\/uploads\/2024\/03\/20240309_windwerk-schweizer-meisterschaften-36-scaled-1-1536x1024.jpg 1536w, https:\/\/www.windwerk.ch\/wp-content\/uploads\/2024\/03\/20240309_windwerk-schweizer-meisterschaften-36-scaled-1-2048x1366.jpg 2048w\" data-sizes=\"(max-width: 1024px) 100vw, 1024px\" src=\"data:image\/svg+xml;base64,PHN2ZyB3aWR0aD0iMSIgaGVpZ2h0PSIxIiB4bWxucz0iaHR0cDovL3d3dy53My5vcmcvMjAwMC9zdmciPjwvc3ZnPg==\" style=\"--smush-placeholder-width: 1024px; --smush-placeholder-aspect-ratio: 1024\/683;\" \/><\/p>\n<p>&nbsp;<\/p>\n<h3 style=\"font-weight: 400;\"><strong>\u00abUnsere\u00bb Lena erfliegt sich in Macau Pl\u00e4tze <\/strong><strong>8 und 12<\/strong><\/h3>\n<p style=\"font-weight: 400;\">Unsere Instruktorin\u00a0<a href=\"https:\/\/www.instagram.com\/lenkaimwunderland\/\">Lena<\/a>\u00a0startete in Macau\/Hongkong in der Disziplin Freestyle. Bei den 3rd FAI European Indoor Skydiving Championships sicherte sie sich souver\u00e4n den 8. Platz. Auch am 5th FAI World Cup of Indoor Skydiving zeigte Lena eine tolle Leistung und flog auf den 12. Rang. Eine bemerkenswerte Leistung von Lena, die als einzige Teilnehmerin die Schweiz vertrat. Chapeau!<\/p>\n<p><img decoding=\"async\" class=\"alignnone wp-image-22270 size-large lazyload\" data-src=\"https:\/\/www.windwerk.ch\/wp-content\/uploads\/2024\/08\/md9_5395-1024x683.jpg\" alt=\"Lena Indoor Skydiving Freestyle\" width=\"1024\" height=\"683\" data-srcset=\"https:\/\/www.windwerk.ch\/wp-content\/uploads\/2024\/08\/md9_5395-1024x683.jpg 1024w, https:\/\/www.windwerk.ch\/wp-content\/uploads\/2024\/08\/md9_5395-300x200.jpg 300w, https:\/\/www.windwerk.ch\/wp-content\/uploads\/2024\/08\/md9_5395-768x512.jpg 768w, https:\/\/www.windwerk.ch\/wp-content\/uploads\/2024\/08\/md9_5395-1536x1024.jpg 1536w, https:\/\/www.windwerk.ch\/wp-content\/uploads\/2024\/08\/md9_5395-2048x1365.jpg 2048w\" data-sizes=\"(max-width: 1024px) 100vw, 1024px\" src=\"data:image\/svg+xml;base64,PHN2ZyB3aWR0aD0iMSIgaGVpZ2h0PSIxIiB4bWxucz0iaHR0cDovL3d3dy53My5vcmcvMjAwMC9zdmciPjwvc3ZnPg==\" style=\"--smush-placeholder-width: 1024px; --smush-placeholder-aspect-ratio: 1024\/683;\" \/><\/p>\n<p>&nbsp;<\/p>\n<h3 style=\"font-weight: 400;\"><strong>Bewegende Begegnungen<\/strong><\/h3>\n<p style=\"font-weight: 400;\">Ein besonderes Anliegen ist uns das \u00abWenn W\u00fcnsche fliegen lernen\u00bb-Programm, in dem wir viertelj\u00e4hrlich Menschen mit Beeintr\u00e4chtigungen oder Menschen, die schwere Schicksalsschl\u00e4ge erleiden mussten, zu uns ins Windwerk einladen. In diesem Jahr besuchten uns Kinder<\/p>\n<ul>\n<li>des Elterntr\u00e4gervereins <a href=\"https:\/\/www.theramisu.ch\/\">Theramisu<\/a>, der sich f\u00fcr die Erhaltung von Kindertherapien in der Region einsetzt<\/li>\n<li>der Rafael Schule, eine Heilp\u00e4dagogische Tagesschule in Z\u00fcrich<\/li>\n<li>der <a href=\"https:\/\/www.kinderkrebshilfe.ch\/de\">Kinderkrebshilfe Schweiz<\/a><\/li>\n<li>der <a href=\"https:\/\/www.primarschule-uster.ch\/heilpaedagogischeschuleuster\/207\">Heilp\u00e4dagogischen Schule Uste<\/a>r, in der Kinder gef\u00f6rdert werden, die nicht so gut lernen k\u00f6nnen wie andere und mehr Hilfe brauchen<\/li>\n<li>der Stiftung MyHandicap, die mit dem Portal <a href=\"https:\/\/www.enableme.ch\/de\/stiftung-myhandicap\/myhandicap-wird-zu-enableme\">EnableM<\/a>e Information, Unterst\u00fctzung und Austausch zu Behinderungen und chronischen Krankheiten bereitstellt.<\/li>\n<\/ul>\n<p style=\"font-weight: 400;\">M\u00f6glich werden diese Events dank Bine Hirsiger, Gr\u00fcnderin des Vereins Challenge Camps und Proflyerin. Unser Motto: \u00abJede:r kann fliegen\u00bb! Bewerbungen von passenden Gruppen, Schulklassen oder Organisationen sind online jederzeit m\u00f6glich.<\/p>\n<p style=\"font-weight: 400;\"><a href=\"https:\/\/forms.office.com\/pages\/responsepage.aspx?id=B2o4uGSy3k2tpm_0qxtNtVN_neXmO21BrQ3AENhjuKJURVQ2OFhaSFZHTjFUVEEyNTNPSk1LRVZTQiQlQCN0PWcu\">Bewerben<\/a><\/p>\n<h3 style=\"font-weight: 400;\"><strong>Relaunch unserer Website<\/strong><\/h3>\n<p style=\"font-weight: 400;\">Nach vielen Monaten der Planung und Umsetzung ist unsere neue Website online. Sie bietet \u00abmehr Windwerk\u00bb, ist \u00fcbersichtlicher, benutzerfreundlicher und schneller. Wir freuen uns \u00fcber Feedback \u2013 Lob ebenso wie Verbesserungsvorschl\u00e4ge. Schicke einfach eine Nachricht an marketing@windwerk.ch.<\/p>\n<h3 style=\"font-weight: 400;\"><strong>Mit unserer WhatsApp-Community auf dem Laufenden bleiben<\/strong><\/h3>\n<p style=\"font-weight: 400;\">Die WhatsApp-Community ist eine Plattform, auf welcher wir News und Tipps rund um das Windwerk bereitstellen. Innerhalb der Community stehen Dir themenspezifische Gruppen zur Verf\u00fcgung. Du entscheidest selbst, welchen Du zus\u00e4tzlich beitreten m\u00f6chtest:<\/p>\n<ul>\n<li>Ank\u00fcndigungen<\/li>\n<li>PROFLYER CHANNEL<\/li>\n<li>INSIDE OUT<\/li>\n<li>FRIDAY4DYNAMIC<\/li>\n<\/ul>\n<p style=\"font-weight: 400;\">Bei Fragen und mit Ideen f\u00fcr eine spezifische Gruppe, die auf keinen Fall fehlen darf, kannst Du Dich gerne an <a href=\"mailto:sport@windwerk.ch\">sport@windwerk.ch<\/a> wenden.<\/p>\n<h3 style=\"font-weight: 400;\"><strong>\u00abHerausragende\u00bb Auszeichnung: Swiss Location Award 2024 <\/strong><\/h3>\n<p style=\"font-weight: 400;\">Auch in diesem Jahr wurden wir beim Swiss Location Award 2024 mit der h\u00f6chsten Punktzahl unter den Eventlocations als \u00abHerausragende Location\u00bb ausgezeichnet. Dank der grossartigen Unterst\u00fctzung unserer Kund:innen und Fans beim Voting<\/p>\n<p style=\"font-weight: 400;\">haben wir es gemeinsam geschafft, diese herausragende Auszeichnung zu erhalten.<\/p>\n<p style=\"font-weight: 400;\">Wir freuen uns \u00fcber das tolle Feedback und arbeiten weiter daran, Dein Erlebnis bei uns zu einem echten Highlight zu machen.<\/p>\n<h3 style=\"font-weight: 400;\"><strong>Nicht Wind- sondern Sonnenkraft auf dem Windwerk <\/strong><\/h3>\n<p style=\"font-weight: 400;\">Wir haben einen Schritt in Richtung Nachhaltigkeit gemacht: Die Solaranlage auf dem Flachdach mit 104 m\u00b2 und 53 Modulen erzeugt stolze 22 kWp. Hinzu kommt die s\u00fcdseitige Verkleidung unseres Turms mit einer beeindruckenden Photovoltaikfl\u00e4che von 211 m\u00b2, die starke 44 kWp leistet und voraussichtlich 41.000 kWh pro Jahr erzeugen wird. Das entspricht in etwa dem j\u00e4hrlichen Stromverbrauch von zehn 4-Personen-Haushalten. Ein kleiner Schritt f\u00fcr die Menschheit, ein grosser f\u00fcr uns.\u00a0<img decoding=\"async\" class=\"alignnone wp-image-23543 size-large lazyload\" data-src=\"https:\/\/www.windwerk.ch\/wp-content\/uploads\/2024\/11\/screenshot_5564-1024x663.png\" alt=\"\" width=\"1024\" height=\"663\" data-srcset=\"https:\/\/www.windwerk.ch\/wp-content\/uploads\/2024\/11\/screenshot_5564-1024x663.png 1024w, https:\/\/www.windwerk.ch\/wp-content\/uploads\/2024\/11\/screenshot_5564-300x194.png 300w, https:\/\/www.windwerk.ch\/wp-content\/uploads\/2024\/11\/screenshot_5564-768x497.png 768w, https:\/\/www.windwerk.ch\/wp-content\/uploads\/2024\/11\/screenshot_5564-1536x995.png 1536w, https:\/\/www.windwerk.ch\/wp-content\/uploads\/2024\/11\/screenshot_5564-2048x1326.png 2048w\" data-sizes=\"(max-width: 1024px) 100vw, 1024px\" src=\"data:image\/svg+xml;base64,PHN2ZyB3aWR0aD0iMSIgaGVpZ2h0PSIxIiB4bWxucz0iaHR0cDovL3d3dy53My5vcmcvMjAwMC9zdmciPjwvc3ZnPg==\" style=\"--smush-placeholder-width: 1024px; --smush-placeholder-aspect-ratio: 1024\/663;\" \/><\/p>\n<p>&nbsp;<\/p>\n<p style=\"font-weight: 400;\">Wir haben in diesem Jahr viel erreicht, hart gearbeitet, aber auch viel Spass gehabt. Ein riesiges Dankesch\u00f6n an alle Beteiligten &#8211; von Besucher:innen \u00fcber Follower:innen bis hin zu Gesch\u00e4ftspartnern &#8211; f\u00fcr Eure Unterst\u00fctzung und Euer Engagement. An dieser Stelle auch ein megagrosser Dank an das gesamte Windwerk-Team. Ihr leistet jeden Tag mit Leidenschaft und Begeisterung einen tollen Job. Ohne Euch w\u00e4re das alles nicht m\u00f6glich!<\/p>\n<h2><\/h2>\n","protected":false},"excerpt":{"rendered":"<p>Das Jahr ist im wahren Sinne des Wortes im Flug vorbeigegangen. Gerade haben wir noch die Schweizer Indoor Skydiving Meisterschaften organisiert, und jetzt sind wir schon dabei, Weihnachtsgutscheine zu verpacken. &#8230;<\/p>\n","protected":false},"author":16,"featured_media":23541,"comment_status":"open","ping_status":"open","sticky":false,"template":"","format":"standard","meta":{"_acf_changed":false,"footnotes":""},"categories":[48],"tags":[],"class_list":["post-23540","post","type-post","status-publish","format-standard","has-post-thumbnail","hentry","category-allgemein","has_thumb"],"acf":[],"yoast_head":"<!-- This site is optimized with the Yoast SEO Premium plugin v26.0 (Yoast SEO v27.3) - https:\/\/yoast.com\/product\/yoast-seo-premium-wordpress\/ -->\n<title>Unser Jahr 2024: Viel Wirbel, nicht nur im Windkanal - Windwerk Indoor Skydiving<\/title>\n<meta name=\"description\" content=\"Die Suche nach dem perfekten Weihnachtsgeschenk ist hiermit beendet: Verschenke gemeinsame Quality-Time beim Indoor Skydiving in Winterthur!\" \/>\n<meta name=\"robots\" content=\"index, follow, max-snippet:-1, max-image-preview:large, max-video-preview:-1\" \/>\n<link rel=\"canonical\" href=\"https:\/\/www.windwerk.ch\/de\/blog\/2024-jahresrueckblick\" \/>\n<meta property=\"og:locale\" content=\"de_DE\" \/>\n<meta property=\"og:type\" content=\"article\" \/>\n<meta property=\"og:title\" content=\"Unser Jahr 2024: Viel Wirbel, nicht nur im Windkanal\" \/>\n<meta property=\"og:description\" content=\"Die Suche nach dem perfekten Weihnachtsgeschenk ist hiermit beendet: Verschenke gemeinsame Quality-Time beim Indoor Skydiving in Winterthur!\" \/>\n<meta property=\"og:url\" content=\"https:\/\/www.windwerk.ch\/de\/blog\/2024-jahresrueckblick\" \/>\n<meta property=\"og:site_name\" content=\"Windwerk Indoor Skydiving\" \/>\n<meta property=\"article:published_time\" content=\"2024-11-28T13:07:49+00:00\" \/>\n<meta property=\"article:modified_time\" content=\"2024-11-30T15:24:22+00:00\" \/>\n<meta property=\"og:image\" content=\"https:\/\/www.windwerk.ch\/wp-content\/uploads\/2024\/11\/20240916_Windwerk-Q3-45-scaled.jpg\" \/>\n\t<meta property=\"og:image:width\" content=\"2560\" \/>\n\t<meta property=\"og:image:height\" content=\"1707\" \/>\n\t<meta property=\"og:image:type\" content=\"image\/jpeg\" \/>\n<meta name=\"author\" content=\"moritz.ness\" \/>\n<meta name=\"twitter:card\" content=\"summary_large_image\" \/>\n<meta name=\"twitter:label1\" content=\"Verfasst von\" \/>\n\t<meta name=\"twitter:data1\" content=\"moritz.ness\" \/>\n\t<meta name=\"twitter:label2\" content=\"Gesch\u00e4tzte Lesezeit\" \/>\n\t<meta name=\"twitter:data2\" content=\"5\u00a0Minuten\" \/>\n<script type=\"application\/ld+json\" class=\"yoast-schema-graph\">{\"@context\":\"https:\\\/\\\/schema.org\",\"@graph\":[{\"@type\":\"Article\",\"@id\":\"https:\\\/\\\/www.windwerk.ch\\\/de\\\/blog\\\/2024-jahresrueckblick#article\",\"isPartOf\":{\"@id\":\"https:\\\/\\\/www.windwerk.ch\\\/de\\\/blog\\\/2024-jahresrueckblick\"},\"author\":{\"name\":\"moritz.ness\",\"@id\":\"https:\\\/\\\/www.windwerk.ch\\\/de\\\/#\\\/schema\\\/person\\\/e82f929a81ee809e1fdfb761c17d59a5\"},\"headline\":\"Unser Jahr 2024: Viel Wirbel, nicht nur im Windkanal\",\"datePublished\":\"2024-11-28T13:07:49+00:00\",\"dateModified\":\"2024-11-30T15:24:22+00:00\",\"mainEntityOfPage\":{\"@id\":\"https:\\\/\\\/www.windwerk.ch\\\/de\\\/blog\\\/2024-jahresrueckblick\"},\"wordCount\":718,\"commentCount\":0,\"image\":{\"@id\":\"https:\\\/\\\/www.windwerk.ch\\\/de\\\/blog\\\/2024-jahresrueckblick#primaryimage\"},\"thumbnailUrl\":\"https:\\\/\\\/www.windwerk.ch\\\/wp-content\\\/uploads\\\/2024\\\/11\\\/20240916_Windwerk-Q3-45-scaled.jpg\",\"inLanguage\":\"de\",\"potentialAction\":[{\"@type\":\"CommentAction\",\"name\":\"Comment\",\"target\":[\"https:\\\/\\\/www.windwerk.ch\\\/de\\\/blog\\\/2024-jahresrueckblick#respond\"]}]},{\"@type\":\"WebPage\",\"@id\":\"https:\\\/\\\/www.windwerk.ch\\\/de\\\/blog\\\/2024-jahresrueckblick\",\"url\":\"https:\\\/\\\/www.windwerk.ch\\\/de\\\/blog\\\/2024-jahresrueckblick\",\"name\":\"Unser Jahr 2024: Viel Wirbel, nicht nur im Windkanal - Windwerk Indoor Skydiving\",\"isPartOf\":{\"@id\":\"https:\\\/\\\/www.windwerk.ch\\\/de\\\/#website\"},\"primaryImageOfPage\":{\"@id\":\"https:\\\/\\\/www.windwerk.ch\\\/de\\\/blog\\\/2024-jahresrueckblick#primaryimage\"},\"image\":{\"@id\":\"https:\\\/\\\/www.windwerk.ch\\\/de\\\/blog\\\/2024-jahresrueckblick#primaryimage\"},\"thumbnailUrl\":\"https:\\\/\\\/www.windwerk.ch\\\/wp-content\\\/uploads\\\/2024\\\/11\\\/20240916_Windwerk-Q3-45-scaled.jpg\",\"datePublished\":\"2024-11-28T13:07:49+00:00\",\"dateModified\":\"2024-11-30T15:24:22+00:00\",\"author\":{\"@id\":\"https:\\\/\\\/www.windwerk.ch\\\/de\\\/#\\\/schema\\\/person\\\/e82f929a81ee809e1fdfb761c17d59a5\"},\"description\":\"Die Suche nach dem perfekten Weihnachtsgeschenk ist hiermit beendet: Verschenke gemeinsame Quality-Time beim Indoor Skydiving in Winterthur!\",\"breadcrumb\":{\"@id\":\"https:\\\/\\\/www.windwerk.ch\\\/de\\\/blog\\\/2024-jahresrueckblick#breadcrumb\"},\"inLanguage\":\"de\",\"potentialAction\":[{\"@type\":\"ReadAction\",\"target\":[\"https:\\\/\\\/www.windwerk.ch\\\/de\\\/blog\\\/2024-jahresrueckblick\"]}]},{\"@type\":\"ImageObject\",\"inLanguage\":\"de\",\"@id\":\"https:\\\/\\\/www.windwerk.ch\\\/de\\\/blog\\\/2024-jahresrueckblick#primaryimage\",\"url\":\"https:\\\/\\\/www.windwerk.ch\\\/wp-content\\\/uploads\\\/2024\\\/11\\\/20240916_Windwerk-Q3-45-scaled.jpg\",\"contentUrl\":\"https:\\\/\\\/www.windwerk.ch\\\/wp-content\\\/uploads\\\/2024\\\/11\\\/20240916_Windwerk-Q3-45-scaled.jpg\",\"width\":2560,\"height\":1707},{\"@type\":\"BreadcrumbList\",\"@id\":\"https:\\\/\\\/www.windwerk.ch\\\/de\\\/blog\\\/2024-jahresrueckblick#breadcrumb\",\"itemListElement\":[{\"@type\":\"ListItem\",\"position\":1,\"name\":\"Home\",\"item\":\"https:\\\/\\\/www.windwerk.ch\\\/de\"},{\"@type\":\"ListItem\",\"position\":2,\"name\":\"Unser Jahr 2024: Viel Wirbel, nicht nur im Windkanal\"}]},{\"@type\":\"WebSite\",\"@id\":\"https:\\\/\\\/www.windwerk.ch\\\/de\\\/#website\",\"url\":\"https:\\\/\\\/www.windwerk.ch\\\/de\\\/\",\"name\":\"Windwerk Indoor Skydiving und Bodyflying\",\"description\":\"Indoor Skydiving und Bodyflying\",\"potentialAction\":[{\"@type\":\"SearchAction\",\"target\":{\"@type\":\"EntryPoint\",\"urlTemplate\":\"https:\\\/\\\/www.windwerk.ch\\\/de\\\/?s={search_term_string}\"},\"query-input\":{\"@type\":\"PropertyValueSpecification\",\"valueRequired\":true,\"valueName\":\"search_term_string\"}}],\"inLanguage\":\"de\"},{\"@type\":\"Person\",\"@id\":\"https:\\\/\\\/www.windwerk.ch\\\/de\\\/#\\\/schema\\\/person\\\/e82f929a81ee809e1fdfb761c17d59a5\",\"name\":\"moritz.ness\",\"image\":{\"@type\":\"ImageObject\",\"inLanguage\":\"de\",\"@id\":\"https:\\\/\\\/secure.gravatar.com\\\/avatar\\\/e4627a21d8591b3b4c88931ce4916dc25625abd7390c565cf2922e3a5146e8d6?s=96&d=mm&r=g\",\"url\":\"https:\\\/\\\/secure.gravatar.com\\\/avatar\\\/e4627a21d8591b3b4c88931ce4916dc25625abd7390c565cf2922e3a5146e8d6?s=96&d=mm&r=g\",\"contentUrl\":\"https:\\\/\\\/secure.gravatar.com\\\/avatar\\\/e4627a21d8591b3b4c88931ce4916dc25625abd7390c565cf2922e3a5146e8d6?s=96&d=mm&r=g\",\"caption\":\"moritz.ness\"}}]}<\/script>\n<!-- \/ Yoast SEO Premium plugin. -->","yoast_head_json":{"title":"Unser Jahr 2024: Viel Wirbel, nicht nur im Windkanal - Windwerk Indoor Skydiving","description":"Die Suche nach dem perfekten Weihnachtsgeschenk ist hiermit beendet: Verschenke gemeinsame Quality-Time beim Indoor Skydiving in Winterthur!","robots":{"index":"index","follow":"follow","max-snippet":"max-snippet:-1","max-image-preview":"max-image-preview:large","max-video-preview":"max-video-preview:-1"},"canonical":"https:\/\/www.windwerk.ch\/de\/blog\/2024-jahresrueckblick","og_locale":"de_DE","og_type":"article","og_title":"Unser Jahr 2024: Viel Wirbel, nicht nur im Windkanal","og_description":"Die Suche nach dem perfekten Weihnachtsgeschenk ist hiermit beendet: Verschenke gemeinsame Quality-Time beim Indoor Skydiving in Winterthur!","og_url":"https:\/\/www.windwerk.ch\/de\/blog\/2024-jahresrueckblick","og_site_name":"Windwerk Indoor Skydiving","article_published_time":"2024-11-28T13:07:49+00:00","article_modified_time":"2024-11-30T15:24:22+00:00","og_image":[{"width":2560,"height":1707,"url":"https:\/\/www.windwerk.ch\/wp-content\/uploads\/2024\/11\/20240916_Windwerk-Q3-45-scaled.jpg","type":"image\/jpeg"}],"author":"moritz.ness","twitter_card":"summary_large_image","twitter_misc":{"Verfasst von":"moritz.ness","Gesch\u00e4tzte Lesezeit":"5\u00a0Minuten"},"schema":{"@context":"https:\/\/schema.org","@graph":[{"@type":"Article","@id":"https:\/\/www.windwerk.ch\/de\/blog\/2024-jahresrueckblick#article","isPartOf":{"@id":"https:\/\/www.windwerk.ch\/de\/blog\/2024-jahresrueckblick"},"author":{"name":"moritz.ness","@id":"https:\/\/www.windwerk.ch\/de\/#\/schema\/person\/e82f929a81ee809e1fdfb761c17d59a5"},"headline":"Unser Jahr 2024: Viel Wirbel, nicht nur im Windkanal","datePublished":"2024-11-28T13:07:49+00:00","dateModified":"2024-11-30T15:24:22+00:00","mainEntityOfPage":{"@id":"https:\/\/www.windwerk.ch\/de\/blog\/2024-jahresrueckblick"},"wordCount":718,"commentCount":0,"image":{"@id":"https:\/\/www.windwerk.ch\/de\/blog\/2024-jahresrueckblick#primaryimage"},"thumbnailUrl":"https:\/\/www.windwerk.ch\/wp-content\/uploads\/2024\/11\/20240916_Windwerk-Q3-45-scaled.jpg","inLanguage":"de","potentialAction":[{"@type":"CommentAction","name":"Comment","target":["https:\/\/www.windwerk.ch\/de\/blog\/2024-jahresrueckblick#respond"]}]},{"@type":"WebPage","@id":"https:\/\/www.windwerk.ch\/de\/blog\/2024-jahresrueckblick","url":"https:\/\/www.windwerk.ch\/de\/blog\/2024-jahresrueckblick","name":"Unser Jahr 2024: Viel Wirbel, nicht nur im Windkanal - Windwerk Indoor Skydiving","isPartOf":{"@id":"https:\/\/www.windwerk.ch\/de\/#website"},"primaryImageOfPage":{"@id":"https:\/\/www.windwerk.ch\/de\/blog\/2024-jahresrueckblick#primaryimage"},"image":{"@id":"https:\/\/www.windwerk.ch\/de\/blog\/2024-jahresrueckblick#primaryimage"},"thumbnailUrl":"https:\/\/www.windwerk.ch\/wp-content\/uploads\/2024\/11\/20240916_Windwerk-Q3-45-scaled.jpg","datePublished":"2024-11-28T13:07:49+00:00","dateModified":"2024-11-30T15:24:22+00:00","author":{"@id":"https:\/\/www.windwerk.ch\/de\/#\/schema\/person\/e82f929a81ee809e1fdfb761c17d59a5"},"description":"Die Suche nach dem perfekten Weihnachtsgeschenk ist hiermit beendet: Verschenke gemeinsame Quality-Time beim Indoor Skydiving in Winterthur!","breadcrumb":{"@id":"https:\/\/www.windwerk.ch\/de\/blog\/2024-jahresrueckblick#breadcrumb"},"inLanguage":"de","potentialAction":[{"@type":"ReadAction","target":["https:\/\/www.windwerk.ch\/de\/blog\/2024-jahresrueckblick"]}]},{"@type":"ImageObject","inLanguage":"de","@id":"https:\/\/www.windwerk.ch\/de\/blog\/2024-jahresrueckblick#primaryimage","url":"https:\/\/www.windwerk.ch\/wp-content\/uploads\/2024\/11\/20240916_Windwerk-Q3-45-scaled.jpg","contentUrl":"https:\/\/www.windwerk.ch\/wp-content\/uploads\/2024\/11\/20240916_Windwerk-Q3-45-scaled.jpg","width":2560,"height":1707},{"@type":"BreadcrumbList","@id":"https:\/\/www.windwerk.ch\/de\/blog\/2024-jahresrueckblick#breadcrumb","itemListElement":[{"@type":"ListItem","position":1,"name":"Home","item":"https:\/\/www.windwerk.ch\/de"},{"@type":"ListItem","position":2,"name":"Unser Jahr 2024: Viel Wirbel, nicht nur im Windkanal"}]},{"@type":"WebSite","@id":"https:\/\/www.windwerk.ch\/de\/#website","url":"https:\/\/www.windwerk.ch\/de\/","name":"Windwerk Indoor Skydiving und Bodyflying","description":"Indoor Skydiving und Bodyflying","potentialAction":[{"@type":"SearchAction","target":{"@type":"EntryPoint","urlTemplate":"https:\/\/www.windwerk.ch\/de\/?s={search_term_string}"},"query-input":{"@type":"PropertyValueSpecification","valueRequired":true,"valueName":"search_term_string"}}],"inLanguage":"de"},{"@type":"Person","@id":"https:\/\/www.windwerk.ch\/de\/#\/schema\/person\/e82f929a81ee809e1fdfb761c17d59a5","name":"moritz.ness","image":{"@type":"ImageObject","inLanguage":"de","@id":"https:\/\/secure.gravatar.com\/avatar\/e4627a21d8591b3b4c88931ce4916dc25625abd7390c565cf2922e3a5146e8d6?s=96&d=mm&r=g","url":"https:\/\/secure.gravatar.com\/avatar\/e4627a21d8591b3b4c88931ce4916dc25625abd7390c565cf2922e3a5146e8d6?s=96&d=mm&r=g","contentUrl":"https:\/\/secure.gravatar.com\/avatar\/e4627a21d8591b3b4c88931ce4916dc25625abd7390c565cf2922e3a5146e8d6?s=96&d=mm&r=g","caption":"moritz.ness"}}]}},"_links":{"self":[{"href":"https:\/\/www.windwerk.ch\/de\/wp-json\/wp\/v2\/posts\/23540","targetHints":{"allow":["GET"]}}],"collection":[{"href":"https:\/\/www.windwerk.ch\/de\/wp-json\/wp\/v2\/posts"}],"about":[{"href":"https:\/\/www.windwerk.ch\/de\/wp-json\/wp\/v2\/types\/post"}],"author":[{"embeddable":true,"href":"https:\/\/www.windwerk.ch\/de\/wp-json\/wp\/v2\/users\/16"}],"replies":[{"embeddable":true,"href":"https:\/\/www.windwerk.ch\/de\/wp-json\/wp\/v2\/comments?post=23540"}],"version-history":[{"count":3,"href":"https:\/\/www.windwerk.ch\/de\/wp-json\/wp\/v2\/posts\/23540\/revisions"}],"predecessor-version":[{"id":23557,"href":"https:\/\/www.windwerk.ch\/de\/wp-json\/wp\/v2\/posts\/23540\/revisions\/23557"}],"wp:featuredmedia":[{"embeddable":true,"href":"https:\/\/www.windwerk.ch\/de\/wp-json\/wp\/v2\/media\/23541"}],"wp:attachment":[{"href":"https:\/\/www.windwerk.ch\/de\/wp-json\/wp\/v2\/media?parent=23540"}],"wp:term":[{"taxonomy":"category","embeddable":true,"href":"https:\/\/www.windwerk.ch\/de\/wp-json\/wp\/v2\/categories?post=23540"},{"taxonomy":"post_tag","embeddable":true,"href":"https:\/\/www.windwerk.ch\/de\/wp-json\/wp\/v2\/tags?post=23540"}],"curies":[{"name":"wp","href":"https:\/\/api.w.org\/{rel}","templated":true}]}}