{"id":23835,"date":"2025-02-28T09:33:28","date_gmt":"2025-02-28T08:33:28","guid":{"rendered":"https:\/\/www.windwerk.ch\/?p=23835"},"modified":"2025-02-19T09:43:45","modified_gmt":"2025-02-19T08:43:45","slug":"business-events-workshop","status":"publish","type":"post","link":"https:\/\/www.windwerk.ch\/de\/blog\/business-events-workshop","title":{"rendered":"Verwandle Dein Business Event in einen H\u00f6henflug"},"content":{"rendered":"<p style=\"font-weight: 400;\">Das Windwerk bietet den perfekten Rahmen f\u00fcr Business Events. Der Alltag wird aus den K\u00f6pfen geblasen und Ideen lernen fliegen \u2013 h\u00f6rt sich doch nach einem coolen Arbeitstag an, oder? Egal ob Ap\u00e9ro, Kundenevent, Seminar, Sommerfest, Tagung, Vortrag oder Weihnachtsfeier: Wir planen und organisieren f\u00fcr Dich und Dein Unternehmen ein besonderes Business Event.<\/p>\n<h2 style=\"font-weight: 400;\"><strong>Welche R\u00e4umlichkeiten stehen im Windwerk zur Verf\u00fcgung? <\/strong><\/h2>\n<p style=\"font-weight: 400;\">Ein Sitzungszimmer f\u00fcr 14-40 Personen, das als Kino oder Meeting bestuhlt werden kann. Die Galerie bietet Platz f\u00fcr bis zu 50 Personen. F\u00fcr Veranstaltungen mit bis zu 200 Personen kannst Du das gesamte Windwerk exklusiv mieten.<\/p>\n<p style=\"font-weight: 400;\"><strong>\u00a0<\/strong><\/p>\n<h2 style=\"font-weight: 400;\"><strong>Welche Ausstattung hat das Sitzungszimmer im Windwerk? <\/strong><\/h2>\n<p style=\"font-weight: 400;\">Der helle und ruhige Raum verf\u00fcgt \u00fcber eine moderne und hochwertige technische Ausstattung: Touchscreen-Bildschirm, Flipcharts, Whiteboard, Moderationskoffer, kostenloses WiFi und ist \u2013 wie das gesamte Windwerk \u2013 barrierefrei.<\/p>\n<p style=\"font-weight: 400;\"><strong>\u00a0<\/strong><\/p>\n<h2 style=\"font-weight: 400;\"><strong>Gibt es Catering im Windwerk?<\/strong><\/h2>\n<p style=\"font-weight: 400;\">Unsere Snackbar Windbreak sorgt daf\u00fcr, dass niemand hungern muss. Dar\u00fcber hinaus bieten wir verschiedene Ap\u00e9ro-Variationen (auch vegetarisch und vegan). F\u00fcr einen gr\u00f6sseren Event empfehlen wir, die G\u00e4ste mit einem Flying Dinner zu verk\u00f6stigen. Ganz besonders: unser rauchfreies Indoor-Grill-Konzept. Hast Du einen eigenen Wunsch-Caterer? Auch kein Problem.<\/p>\n<p style=\"font-weight: 400;\"><strong>\u00a0<\/strong><\/p>\n<h2 style=\"font-weight: 400;\"><strong>Kann man das Meeting mit einem Flug verbinden?<\/strong><\/h2>\n<p style=\"font-weight: 400;\">Klar! Unter der Anleitung von unseren erfahrenen Instructors k\u00f6nnt ihr gemeinsam Adrenalin und Action erleben. Neben Riesenspass auch eine super Teambuilding-Massnahme, die Vertrauen, Kommunikation und Zusammenarbeit f\u00f6rdert. Auch Menschen mit Beeintr\u00e4chtigungen k\u00f6nnen bei uns fliegen. Niemand braucht Vorkenntnisse oder spezielle Ausr\u00fcstung, um beim Indoor Skydiving mitzumachen. Wir stellen von Anzug bis Ohrst\u00f6psel alles zur Verf\u00fcgung,<\/p>\n<p style=\"font-weight: 400;\">\n<h2 style=\"font-weight: 400;\"><strong>Wenn nicht alle Teilnehmenden fliegen m\u00f6chten, was dann? <\/strong><\/h2>\n<p style=\"font-weight: 400;\">Gezwungen wird nat\u00fcrlich niemand. Alternativ bieten wir ein virtuelles Flugerlebnis. Unser Flugsimulator \u00abBirdly\u00bb begeistert alle, die sich nicht in den Windkanal wagen. VR-Brille aufsetzen, Arme ausbreiten und los geht&#8217;s. Hier kann man die ganze Welt aus der Vogelperspektive entdecken: die eigene Heimatstadt, die n\u00e4chste Urlaubslocation oder spektakul\u00e4re Sehensw\u00fcrdigkeiten.<\/p>\n<p style=\"font-weight: 400;\">Wer es lieber bodenst\u00e4ndig hat, schaut einfach mit einer Tasse Kaffee den anderen zu. Auch fun!<\/p>\n<p style=\"font-weight: 400;\"><strong>\u00a0<\/strong><\/p>\n<h2 style=\"font-weight: 400;\"><strong>Zu welchen Zeiten k\u00f6nnen Business Events gebucht werden? <\/strong><\/h2>\n<p style=\"font-weight: 400;\">Wir haben flexible \u00d6ffnungszeiten und k\u00f6nnen uns auf individuelle W\u00fcnsche und Bed\u00fcrfnisse einstellen.<\/p>\n<p style=\"font-weight: 400;\">\n<h2 style=\"font-weight: 400;\"><strong>Wo kann man beim Windwerk parken? <\/strong><\/h2>\n<p style=\"font-weight: 400;\">Das Windwerk in Winterthur ist von Z\u00fcrich, Basel und St. Gallen aus gut erreichbar. F\u00fcr Autos stehen direkt vor unserem Geb\u00e4ude 24 kostenlose Parkpl\u00e4tze zur Verf\u00fcgung.<\/p>\n<p style=\"font-weight: 400;\">\n<h2 style=\"font-weight: 400;\"><strong>Wie kommt man mit <\/strong><strong>\u00f6ffentlichen Verkehrsmitteln<\/strong><strong> zum Windwerk? <\/strong><\/h2>\n<p style=\"font-weight: 400;\">Wir sind mit den \u00f6ffentlichen Verkehrsmitteln einfach und schnell erreichbar: in Gehdistanz befinden sich die Bushaltestelle Ohrb\u00fchl und die S-Bahn Haltestelle Winterthur-Hegi.<\/p>\n<p style=\"font-weight: 400;\">\n<h2 style=\"font-weight: 400;\"><strong>Hast Du noch Fragen? <\/strong><\/h2>\n<p style=\"font-weight: 400;\">Dann findest Du hier <a href=\"https:\/\/www.windwerk.ch\/de\/events\/firmen-teamevents\">weitere Informationen<\/a> und Preise. Oder Du sprichst uns pers\u00f6nlich an: Unser Customer Service hilft gerne weiter. Nat\u00fcrlich kannst Du auch ein <a href=\"https:\/\/www.windwerk.ch\/de\/events\/anfrageformular\">unverbindliches Angebot<\/a> anfordern.<\/p>\n<p style=\"font-weight: 400;\">\n<p style=\"font-weight: 400;\">Unser Team ber\u00e4t Dich gerne und hilft Dir bei der Organisation und Durchf\u00fchrung Deines Events! Bis hoffentlich bald!<\/p>\n","protected":false},"excerpt":{"rendered":"<p>Das Windwerk bietet den perfekten Rahmen f\u00fcr Business Events. Der Alltag wird aus den K\u00f6pfen geblasen und Ideen lernen fliegen \u2013 h\u00f6rt sich doch nach einem coolen Arbeitstag an, oder? &#8230;<\/p>\n","protected":false},"author":16,"featured_media":20197,"comment_status":"open","ping_status":"open","sticky":false,"template":"","format":"standard","meta":{"_acf_changed":false,"footnotes":""},"categories":[48],"tags":[],"class_list":["post-23835","post","type-post","status-publish","format-standard","has-post-thumbnail","hentry","category-allgemein","has_thumb"],"acf":[],"yoast_head":"<!-- This site is optimized with the Yoast SEO Premium plugin v26.0 (Yoast SEO v27.3) - https:\/\/yoast.com\/product\/yoast-seo-premium-wordpress\/ -->\n<title>Verwandle Dein Business Event in einen H\u00f6henflug - Windwerk Indoor Skydiving<\/title>\n<meta name=\"description\" content=\"Business &amp; Teamevents in Winterthur: Ob Ap\u00e9ro, Kundenevent, Seminar, Sommerfest, Tagung, Vortrag oder Weihnachtsfeier. Wir machen&#039;s m\u00f6glich!\" \/>\n<meta name=\"robots\" content=\"index, follow, max-snippet:-1, max-image-preview:large, max-video-preview:-1\" \/>\n<link rel=\"canonical\" href=\"https:\/\/www.windwerk.ch\/de\/blog\/business-events-workshop\" \/>\n<meta property=\"og:locale\" content=\"de_DE\" \/>\n<meta property=\"og:type\" content=\"article\" \/>\n<meta property=\"og:title\" content=\"Verwandle Dein Business Event in einen H\u00f6henflug\" \/>\n<meta property=\"og:description\" content=\"Business &amp; Teamevents in Winterthur: Ob Ap\u00e9ro, Kundenevent, Seminar, Sommerfest, Tagung, Vortrag oder Weihnachtsfeier. Wir machen&#039;s m\u00f6glich!\" \/>\n<meta property=\"og:url\" content=\"https:\/\/www.windwerk.ch\/de\/blog\/business-events-workshop\" \/>\n<meta property=\"og:site_name\" content=\"Windwerk Indoor Skydiving\" \/>\n<meta property=\"article:published_time\" content=\"2025-02-28T08:33:28+00:00\" \/>\n<meta property=\"og:image\" content=\"https:\/\/www.windwerk.ch\/wp-content\/uploads\/2024\/08\/20240610_Windwerk-47-scaled.jpg\" \/>\n\t<meta property=\"og:image:width\" content=\"2560\" \/>\n\t<meta property=\"og:image:height\" content=\"1707\" \/>\n\t<meta property=\"og:image:type\" content=\"image\/jpeg\" \/>\n<meta name=\"author\" content=\"moritz.ness\" \/>\n<meta name=\"twitter:card\" content=\"summary_large_image\" \/>\n<meta name=\"twitter:label1\" content=\"Verfasst von\" \/>\n\t<meta name=\"twitter:data1\" content=\"moritz.ness\" \/>\n\t<meta name=\"twitter:label2\" content=\"Gesch\u00e4tzte Lesezeit\" \/>\n\t<meta name=\"twitter:data2\" content=\"3\u00a0Minuten\" \/>\n<script type=\"application\/ld+json\" class=\"yoast-schema-graph\">{\"@context\":\"https:\\\/\\\/schema.org\",\"@graph\":[{\"@type\":\"Article\",\"@id\":\"https:\\\/\\\/www.windwerk.ch\\\/de\\\/blog\\\/business-events-workshop#article\",\"isPartOf\":{\"@id\":\"https:\\\/\\\/www.windwerk.ch\\\/de\\\/blog\\\/business-events-workshop\"},\"author\":{\"name\":\"moritz.ness\",\"@id\":\"https:\\\/\\\/www.windwerk.ch\\\/de\\\/#\\\/schema\\\/person\\\/e82f929a81ee809e1fdfb761c17d59a5\"},\"headline\":\"Verwandle Dein Business Event in einen H\u00f6henflug\",\"datePublished\":\"2025-02-28T08:33:28+00:00\",\"mainEntityOfPage\":{\"@id\":\"https:\\\/\\\/www.windwerk.ch\\\/de\\\/blog\\\/business-events-workshop\"},\"wordCount\":498,\"commentCount\":0,\"image\":{\"@id\":\"https:\\\/\\\/www.windwerk.ch\\\/de\\\/blog\\\/business-events-workshop#primaryimage\"},\"thumbnailUrl\":\"https:\\\/\\\/www.windwerk.ch\\\/wp-content\\\/uploads\\\/2024\\\/08\\\/20240610_Windwerk-47-scaled.jpg\",\"inLanguage\":\"de\",\"potentialAction\":[{\"@type\":\"CommentAction\",\"name\":\"Comment\",\"target\":[\"https:\\\/\\\/www.windwerk.ch\\\/de\\\/blog\\\/business-events-workshop#respond\"]}]},{\"@type\":\"WebPage\",\"@id\":\"https:\\\/\\\/www.windwerk.ch\\\/de\\\/blog\\\/business-events-workshop\",\"url\":\"https:\\\/\\\/www.windwerk.ch\\\/de\\\/blog\\\/business-events-workshop\",\"name\":\"Verwandle Dein Business Event in einen H\u00f6henflug - Windwerk Indoor Skydiving\",\"isPartOf\":{\"@id\":\"https:\\\/\\\/www.windwerk.ch\\\/de\\\/#website\"},\"primaryImageOfPage\":{\"@id\":\"https:\\\/\\\/www.windwerk.ch\\\/de\\\/blog\\\/business-events-workshop#primaryimage\"},\"image\":{\"@id\":\"https:\\\/\\\/www.windwerk.ch\\\/de\\\/blog\\\/business-events-workshop#primaryimage\"},\"thumbnailUrl\":\"https:\\\/\\\/www.windwerk.ch\\\/wp-content\\\/uploads\\\/2024\\\/08\\\/20240610_Windwerk-47-scaled.jpg\",\"datePublished\":\"2025-02-28T08:33:28+00:00\",\"author\":{\"@id\":\"https:\\\/\\\/www.windwerk.ch\\\/de\\\/#\\\/schema\\\/person\\\/e82f929a81ee809e1fdfb761c17d59a5\"},\"description\":\"Business & Teamevents in Winterthur: Ob Ap\u00e9ro, Kundenevent, Seminar, Sommerfest, Tagung, Vortrag oder Weihnachtsfeier. Wir machen's m\u00f6glich!\",\"breadcrumb\":{\"@id\":\"https:\\\/\\\/www.windwerk.ch\\\/de\\\/blog\\\/business-events-workshop#breadcrumb\"},\"inLanguage\":\"de\",\"potentialAction\":[{\"@type\":\"ReadAction\",\"target\":[\"https:\\\/\\\/www.windwerk.ch\\\/de\\\/blog\\\/business-events-workshop\"]}]},{\"@type\":\"ImageObject\",\"inLanguage\":\"de\",\"@id\":\"https:\\\/\\\/www.windwerk.ch\\\/de\\\/blog\\\/business-events-workshop#primaryimage\",\"url\":\"https:\\\/\\\/www.windwerk.ch\\\/wp-content\\\/uploads\\\/2024\\\/08\\\/20240610_Windwerk-47-scaled.jpg\",\"contentUrl\":\"https:\\\/\\\/www.windwerk.ch\\\/wp-content\\\/uploads\\\/2024\\\/08\\\/20240610_Windwerk-47-scaled.jpg\",\"width\":2560,\"height\":1707},{\"@type\":\"BreadcrumbList\",\"@id\":\"https:\\\/\\\/www.windwerk.ch\\\/de\\\/blog\\\/business-events-workshop#breadcrumb\",\"itemListElement\":[{\"@type\":\"ListItem\",\"position\":1,\"name\":\"Home\",\"item\":\"https:\\\/\\\/www.windwerk.ch\\\/de\"},{\"@type\":\"ListItem\",\"position\":2,\"name\":\"Verwandle Dein Business Event in einen H\u00f6henflug\"}]},{\"@type\":\"WebSite\",\"@id\":\"https:\\\/\\\/www.windwerk.ch\\\/de\\\/#website\",\"url\":\"https:\\\/\\\/www.windwerk.ch\\\/de\\\/\",\"name\":\"Windwerk Indoor Skydiving und Bodyflying\",\"description\":\"Indoor Skydiving und Bodyflying\",\"potentialAction\":[{\"@type\":\"SearchAction\",\"target\":{\"@type\":\"EntryPoint\",\"urlTemplate\":\"https:\\\/\\\/www.windwerk.ch\\\/de\\\/?s={search_term_string}\"},\"query-input\":{\"@type\":\"PropertyValueSpecification\",\"valueRequired\":true,\"valueName\":\"search_term_string\"}}],\"inLanguage\":\"de\"},{\"@type\":\"Person\",\"@id\":\"https:\\\/\\\/www.windwerk.ch\\\/de\\\/#\\\/schema\\\/person\\\/e82f929a81ee809e1fdfb761c17d59a5\",\"name\":\"moritz.ness\",\"image\":{\"@type\":\"ImageObject\",\"inLanguage\":\"de\",\"@id\":\"https:\\\/\\\/secure.gravatar.com\\\/avatar\\\/e4627a21d8591b3b4c88931ce4916dc25625abd7390c565cf2922e3a5146e8d6?s=96&d=mm&r=g\",\"url\":\"https:\\\/\\\/secure.gravatar.com\\\/avatar\\\/e4627a21d8591b3b4c88931ce4916dc25625abd7390c565cf2922e3a5146e8d6?s=96&d=mm&r=g\",\"contentUrl\":\"https:\\\/\\\/secure.gravatar.com\\\/avatar\\\/e4627a21d8591b3b4c88931ce4916dc25625abd7390c565cf2922e3a5146e8d6?s=96&d=mm&r=g\",\"caption\":\"moritz.ness\"}}]}<\/script>\n<!-- \/ Yoast SEO Premium plugin. -->","yoast_head_json":{"title":"Verwandle Dein Business Event in einen H\u00f6henflug - Windwerk Indoor Skydiving","description":"Business & Teamevents in Winterthur: Ob Ap\u00e9ro, Kundenevent, Seminar, Sommerfest, Tagung, Vortrag oder Weihnachtsfeier. Wir machen's m\u00f6glich!","robots":{"index":"index","follow":"follow","max-snippet":"max-snippet:-1","max-image-preview":"max-image-preview:large","max-video-preview":"max-video-preview:-1"},"canonical":"https:\/\/www.windwerk.ch\/de\/blog\/business-events-workshop","og_locale":"de_DE","og_type":"article","og_title":"Verwandle Dein Business Event in einen H\u00f6henflug","og_description":"Business & Teamevents in Winterthur: Ob Ap\u00e9ro, Kundenevent, Seminar, Sommerfest, Tagung, Vortrag oder Weihnachtsfeier. Wir machen's m\u00f6glich!","og_url":"https:\/\/www.windwerk.ch\/de\/blog\/business-events-workshop","og_site_name":"Windwerk Indoor Skydiving","article_published_time":"2025-02-28T08:33:28+00:00","og_image":[{"width":2560,"height":1707,"url":"https:\/\/www.windwerk.ch\/wp-content\/uploads\/2024\/08\/20240610_Windwerk-47-scaled.jpg","type":"image\/jpeg"}],"author":"moritz.ness","twitter_card":"summary_large_image","twitter_misc":{"Verfasst von":"moritz.ness","Gesch\u00e4tzte Lesezeit":"3\u00a0Minuten"},"schema":{"@context":"https:\/\/schema.org","@graph":[{"@type":"Article","@id":"https:\/\/www.windwerk.ch\/de\/blog\/business-events-workshop#article","isPartOf":{"@id":"https:\/\/www.windwerk.ch\/de\/blog\/business-events-workshop"},"author":{"name":"moritz.ness","@id":"https:\/\/www.windwerk.ch\/de\/#\/schema\/person\/e82f929a81ee809e1fdfb761c17d59a5"},"headline":"Verwandle Dein Business Event in einen H\u00f6henflug","datePublished":"2025-02-28T08:33:28+00:00","mainEntityOfPage":{"@id":"https:\/\/www.windwerk.ch\/de\/blog\/business-events-workshop"},"wordCount":498,"commentCount":0,"image":{"@id":"https:\/\/www.windwerk.ch\/de\/blog\/business-events-workshop#primaryimage"},"thumbnailUrl":"https:\/\/www.windwerk.ch\/wp-content\/uploads\/2024\/08\/20240610_Windwerk-47-scaled.jpg","inLanguage":"de","potentialAction":[{"@type":"CommentAction","name":"Comment","target":["https:\/\/www.windwerk.ch\/de\/blog\/business-events-workshop#respond"]}]},{"@type":"WebPage","@id":"https:\/\/www.windwerk.ch\/de\/blog\/business-events-workshop","url":"https:\/\/www.windwerk.ch\/de\/blog\/business-events-workshop","name":"Verwandle Dein Business Event in einen H\u00f6henflug - Windwerk Indoor Skydiving","isPartOf":{"@id":"https:\/\/www.windwerk.ch\/de\/#website"},"primaryImageOfPage":{"@id":"https:\/\/www.windwerk.ch\/de\/blog\/business-events-workshop#primaryimage"},"image":{"@id":"https:\/\/www.windwerk.ch\/de\/blog\/business-events-workshop#primaryimage"},"thumbnailUrl":"https:\/\/www.windwerk.ch\/wp-content\/uploads\/2024\/08\/20240610_Windwerk-47-scaled.jpg","datePublished":"2025-02-28T08:33:28+00:00","author":{"@id":"https:\/\/www.windwerk.ch\/de\/#\/schema\/person\/e82f929a81ee809e1fdfb761c17d59a5"},"description":"Business & Teamevents in Winterthur: Ob Ap\u00e9ro, Kundenevent, Seminar, Sommerfest, Tagung, Vortrag oder Weihnachtsfeier. Wir machen's m\u00f6glich!","breadcrumb":{"@id":"https:\/\/www.windwerk.ch\/de\/blog\/business-events-workshop#breadcrumb"},"inLanguage":"de","potentialAction":[{"@type":"ReadAction","target":["https:\/\/www.windwerk.ch\/de\/blog\/business-events-workshop"]}]},{"@type":"ImageObject","inLanguage":"de","@id":"https:\/\/www.windwerk.ch\/de\/blog\/business-events-workshop#primaryimage","url":"https:\/\/www.windwerk.ch\/wp-content\/uploads\/2024\/08\/20240610_Windwerk-47-scaled.jpg","contentUrl":"https:\/\/www.windwerk.ch\/wp-content\/uploads\/2024\/08\/20240610_Windwerk-47-scaled.jpg","width":2560,"height":1707},{"@type":"BreadcrumbList","@id":"https:\/\/www.windwerk.ch\/de\/blog\/business-events-workshop#breadcrumb","itemListElement":[{"@type":"ListItem","position":1,"name":"Home","item":"https:\/\/www.windwerk.ch\/de"},{"@type":"ListItem","position":2,"name":"Verwandle Dein Business Event in einen H\u00f6henflug"}]},{"@type":"WebSite","@id":"https:\/\/www.windwerk.ch\/de\/#website","url":"https:\/\/www.windwerk.ch\/de\/","name":"Windwerk Indoor Skydiving und Bodyflying","description":"Indoor Skydiving und Bodyflying","potentialAction":[{"@type":"SearchAction","target":{"@type":"EntryPoint","urlTemplate":"https:\/\/www.windwerk.ch\/de\/?s={search_term_string}"},"query-input":{"@type":"PropertyValueSpecification","valueRequired":true,"valueName":"search_term_string"}}],"inLanguage":"de"},{"@type":"Person","@id":"https:\/\/www.windwerk.ch\/de\/#\/schema\/person\/e82f929a81ee809e1fdfb761c17d59a5","name":"moritz.ness","image":{"@type":"ImageObject","inLanguage":"de","@id":"https:\/\/secure.gravatar.com\/avatar\/e4627a21d8591b3b4c88931ce4916dc25625abd7390c565cf2922e3a5146e8d6?s=96&d=mm&r=g","url":"https:\/\/secure.gravatar.com\/avatar\/e4627a21d8591b3b4c88931ce4916dc25625abd7390c565cf2922e3a5146e8d6?s=96&d=mm&r=g","contentUrl":"https:\/\/secure.gravatar.com\/avatar\/e4627a21d8591b3b4c88931ce4916dc25625abd7390c565cf2922e3a5146e8d6?s=96&d=mm&r=g","caption":"moritz.ness"}}]}},"_links":{"self":[{"href":"https:\/\/www.windwerk.ch\/de\/wp-json\/wp\/v2\/posts\/23835","targetHints":{"allow":["GET"]}}],"collection":[{"href":"https:\/\/www.windwerk.ch\/de\/wp-json\/wp\/v2\/posts"}],"about":[{"href":"https:\/\/www.windwerk.ch\/de\/wp-json\/wp\/v2\/types\/post"}],"author":[{"embeddable":true,"href":"https:\/\/www.windwerk.ch\/de\/wp-json\/wp\/v2\/users\/16"}],"replies":[{"embeddable":true,"href":"https:\/\/www.windwerk.ch\/de\/wp-json\/wp\/v2\/comments?post=23835"}],"version-history":[{"count":1,"href":"https:\/\/www.windwerk.ch\/de\/wp-json\/wp\/v2\/posts\/23835\/revisions"}],"predecessor-version":[{"id":23836,"href":"https:\/\/www.windwerk.ch\/de\/wp-json\/wp\/v2\/posts\/23835\/revisions\/23836"}],"wp:featuredmedia":[{"embeddable":true,"href":"https:\/\/www.windwerk.ch\/de\/wp-json\/wp\/v2\/media\/20197"}],"wp:attachment":[{"href":"https:\/\/www.windwerk.ch\/de\/wp-json\/wp\/v2\/media?parent=23835"}],"wp:term":[{"taxonomy":"category","embeddable":true,"href":"https:\/\/www.windwerk.ch\/de\/wp-json\/wp\/v2\/categories?post=23835"},{"taxonomy":"post_tag","embeddable":true,"href":"https:\/\/www.windwerk.ch\/de\/wp-json\/wp\/v2\/tags?post=23835"}],"curies":[{"name":"wp","href":"https:\/\/api.w.org\/{rel}","templated":true}]}}