{"id":618,"date":"2022-12-01T07:25:19","date_gmt":"2022-12-01T07:25:19","guid":{"rendered":"http:\/\/windwerk.ch.w01f6705.kasserver.com\/rueckblick-2022\/"},"modified":"2024-09-05T16:40:12","modified_gmt":"2024-09-05T14:40:12","slug":"rueckblick-2022","status":"publish","type":"post","link":"https:\/\/www.windwerk.ch\/de\/blog\/rueckblick-2022","title":{"rendered":"Was f\u00fcr ein Jahr! Zeit f\u00fcr einen R\u00fcckblick"},"content":{"rendered":"<p style=\"font-weight: 400;\">Weihnachtstrubel hin, Weihnachtstrubel her \u2013 zum Jahresende nehmen wir uns die Zeit, auf die vergangenen 12 Monate zur\u00fcckzuschauen, und da ist ganz sch\u00f6n viel passiert. Im Windwerk verfolgen wir zwei Anliegen: Indoor Skydiving als professionellen Sport zu f\u00f6rdern und gleichzeitig einem breiten Publikum den Zugang zu erm\u00f6glichen. Deshalb versuchen wir, viel mehr zu bieten, als nur das Fliegen: Einladende Atmosph\u00e4re, ein Schuss Adrenalin, Zeit f\u00fcr Gemeinsamkeit, einzigartige Erlebnisse, bleibende Erinnerungen, nachhaltiges Teambuilding, motivierte Mitarbeitende mit einem gemeinsamen Ziel \u2013 gl\u00fcckliche G\u00e4ste.<\/p>\n<p style=\"font-weight: 400;\">Nat\u00fcrlich l\u00e4uft nicht immer alles rund und die aktuelle wirtschaftliche und geopolitische Lage macht uns Sorgen. Dennoch schauen wir optimistisch nach vorne und jetzt erst einmal zufrieden zur\u00fcck: Denn vieles, was wir uns vorgenommen haben, konnten wir erfolgreich umsetzen.<\/p>\n<p style=\"font-weight: 400;\"><strong><em>Swiss Championships im Windwerk<\/em><\/strong><\/p>\n<p style=\"font-weight: 400;\">Am 25. und 26. M\u00e4rz hatten wir die Besten der Besten der Indoor-Skydiving-Szene zu Gast. Die Swiss Championships waren aufregend, spannend und sehr dynamisch. Zwei Tage lang zeigten 39 Teams und Einzelk\u00e4mpfer:innen, insgesamt 60 Sportflieger:innen und passionierte Amateur-Teams, in sieben Wettkampf-Disziplinen ihr K\u00f6nnen. Bei fantastischem Fr\u00fchlingswetter und Megastimmung lief der Windkanal wortw\u00f6rtlich heiss.<\/p>\n<p><img decoding=\"async\" class=\"aligncenter size-large wp-image-597 lazyload\" data-src=\"https:\/\/www.windwerk.ch\/wp-content\/uploads\/2024\/03\/20220326_windwerk-swisschampionship-day2-13-1024x683.jpg\" alt=\"\" width=\"1024\" height=\"683\" data-srcset=\"https:\/\/www.windwerk.ch\/wp-content\/uploads\/2024\/03\/20220326_windwerk-swisschampionship-day2-13-1024x683.jpg 1024w, https:\/\/www.windwerk.ch\/wp-content\/uploads\/2024\/03\/20220326_windwerk-swisschampionship-day2-13-300x200.jpg 300w, https:\/\/www.windwerk.ch\/wp-content\/uploads\/2024\/03\/20220326_windwerk-swisschampionship-day2-13-768x512.jpg 768w, https:\/\/www.windwerk.ch\/wp-content\/uploads\/2024\/03\/20220326_windwerk-swisschampionship-day2-13-1536x1024.jpg 1536w, https:\/\/www.windwerk.ch\/wp-content\/uploads\/2024\/03\/20220326_windwerk-swisschampionship-day2-13-2048x1366.jpg 2048w\" data-sizes=\"(max-width: 1024px) 100vw, 1024px\" src=\"data:image\/svg+xml;base64,PHN2ZyB3aWR0aD0iMSIgaGVpZ2h0PSIxIiB4bWxucz0iaHR0cDovL3d3dy53My5vcmcvMjAwMC9zdmciPjwvc3ZnPg==\" style=\"--smush-placeholder-width: 1024px; --smush-placeholder-aspect-ratio: 1024\/683;\" \/><\/p>\n<p><strong><em>2. FAI European Indoor Skydiving Championships (EISC) und 4. FAI World Cup of Indoor Skydiving 2022 (WCIS) \u2013 Tschaby Windwerk war dabei<\/em><\/strong><\/p>\n<p style=\"font-weight: 400;\">Da hat sich wieder einmal gezeigt, dass die Schweizer Welt- und Europaklasse im Indoor Skydiving sind und grossartige Erfolge erzielen konnten. Besonders stolz sind wir nat\u00fcrlich auf unser Team: Tschaby Windwerk hat bei den EISC denkbar knapp Bronze verpasst, konnte sich aber \u00fcber einen starken 4. Platz freuen. Beim WCIS machten sie den 5. Platz f\u00fcr sich klar. Auch allen anderen Teams, die unter Schweizer Flagge angetreten sind, sind hervorragende Botschafter f\u00fcr unseren Sport.<\/p>\n<p><img decoding=\"async\" class=\"aligncenter size-large wp-image-620 lazyload\" data-src=\"https:\/\/www.windwerk.ch\/wp-content\/uploads\/2024\/03\/teamfoto_swiss_windwerk-1024x682.jpeg\" alt=\"\" width=\"1024\" height=\"682\" data-srcset=\"https:\/\/www.windwerk.ch\/wp-content\/uploads\/2024\/03\/teamfoto_swiss_windwerk-1024x682.jpeg 1024w, https:\/\/www.windwerk.ch\/wp-content\/uploads\/2024\/03\/teamfoto_swiss_windwerk-300x200.jpeg 300w, https:\/\/www.windwerk.ch\/wp-content\/uploads\/2024\/03\/teamfoto_swiss_windwerk-768x512.jpeg 768w, https:\/\/www.windwerk.ch\/wp-content\/uploads\/2024\/03\/teamfoto_swiss_windwerk-1536x1024.jpeg 1536w, https:\/\/www.windwerk.ch\/wp-content\/uploads\/2024\/03\/teamfoto_swiss_windwerk.jpeg 2000w\" data-sizes=\"(max-width: 1024px) 100vw, 1024px\" src=\"data:image\/svg+xml;base64,PHN2ZyB3aWR0aD0iMSIgaGVpZ2h0PSIxIiB4bWxucz0iaHR0cDovL3d3dy53My5vcmcvMjAwMC9zdmciPjwvc3ZnPg==\" style=\"--smush-placeholder-width: 1024px; --smush-placeholder-aspect-ratio: 1024\/682;\" \/><\/p>\n<p>&nbsp;<\/p>\n<p style=\"font-weight: 400;\"><strong><em>Die Windwerk-Party<\/em><\/strong><\/p>\n<p style=\"font-weight: 400;\">Im Mai konnten wir endlich unsere Vielflieger:innen-Dankesch\u00f6n-Party feiern, die wir aufgrund der Pandemie mehrmals verschieben mussten. Mit 150 grossartigen G\u00e4sten und gutem Essen war beste Stimmung angesagt. Amalie Hegland, Proflyer-Coach und Teilnehmerin der Europa- und Weltmeisterschaften, hat eine beeindruckende Freestyle-Flugeinlage gezeigt und die Kids von SiRo-Gravity sind den \u00e4lteren Semestern wortw\u00f6rtlich um die Ohren geflogen. Ein \u00dcberraschungswettkampf sorgte f\u00fcr noch mehr Spannung. \u00dcber 45 Freiwillige haben den Sprung in den warmen Windkanal gewagt. Die Challenge bestand darin, die Lichtsensoren unseres Flightlight-Systems so schnell wie m\u00f6glich zu deaktivieren. Es folgte eine Bestzeit nach der anderen und das Wettkampffieber erreichte ungeahnte H\u00f6hen. Megaunterhaltung f\u00fcr alle!<\/p>\n<p><img decoding=\"async\" class=\"aligncenter size-large wp-image-22492 lazyload\" data-src=\"https:\/\/www.windwerk.ch\/wp-content\/uploads\/2022\/12\/windwerk_event_07_05_039-1024x683.jpg\" alt=\"\" width=\"1024\" height=\"683\" data-srcset=\"https:\/\/www.windwerk.ch\/wp-content\/uploads\/2022\/12\/windwerk_event_07_05_039-1024x683.jpg 1024w, https:\/\/www.windwerk.ch\/wp-content\/uploads\/2022\/12\/windwerk_event_07_05_039-300x200.jpg 300w, https:\/\/www.windwerk.ch\/wp-content\/uploads\/2022\/12\/windwerk_event_07_05_039-768x512.jpg 768w, https:\/\/www.windwerk.ch\/wp-content\/uploads\/2022\/12\/windwerk_event_07_05_039-1536x1024.jpg 1536w, https:\/\/www.windwerk.ch\/wp-content\/uploads\/2022\/12\/windwerk_event_07_05_039.jpg 2048w\" data-sizes=\"(max-width: 1024px) 100vw, 1024px\" src=\"data:image\/svg+xml;base64,PHN2ZyB3aWR0aD0iMSIgaGVpZ2h0PSIxIiB4bWxucz0iaHR0cDovL3d3dy53My5vcmcvMjAwMC9zdmciPjwvc3ZnPg==\" style=\"--smush-placeholder-width: 1024px; --smush-placeholder-aspect-ratio: 1024\/683;\" \/><\/p>\n<p><img decoding=\"async\" class=\"aligncenter size-large wp-image-22494 lazyload\" data-src=\"https:\/\/www.windwerk.ch\/wp-content\/uploads\/2022\/12\/windwerk_event_07_05_042-1024x683.jpg\" alt=\"\" width=\"1024\" height=\"683\" data-srcset=\"https:\/\/www.windwerk.ch\/wp-content\/uploads\/2022\/12\/windwerk_event_07_05_042-1024x683.jpg 1024w, https:\/\/www.windwerk.ch\/wp-content\/uploads\/2022\/12\/windwerk_event_07_05_042-300x200.jpg 300w, https:\/\/www.windwerk.ch\/wp-content\/uploads\/2022\/12\/windwerk_event_07_05_042-768x512.jpg 768w, https:\/\/www.windwerk.ch\/wp-content\/uploads\/2022\/12\/windwerk_event_07_05_042-1536x1024.jpg 1536w, https:\/\/www.windwerk.ch\/wp-content\/uploads\/2022\/12\/windwerk_event_07_05_042.jpg 2048w\" data-sizes=\"(max-width: 1024px) 100vw, 1024px\" src=\"data:image\/svg+xml;base64,PHN2ZyB3aWR0aD0iMSIgaGVpZ2h0PSIxIiB4bWxucz0iaHR0cDovL3d3dy53My5vcmcvMjAwMC9zdmciPjwvc3ZnPg==\" style=\"--smush-placeholder-width: 1024px; --smush-placeholder-aspect-ratio: 1024\/683;\" \/><\/p>\n<p style=\"font-weight: 400;\"><em><strong>Auf der Welle surfen \u2013 der Windwerk-Teamausflug<\/strong> <\/em><\/p>\n<p style=\"font-weight: 400;\">Beim diesj\u00e4hrigen Teamevent haben wir das Element gewechselt: Die Surfwellen in Sion machten allen ordentlich Spass und zeigten, dass es nicht nur Luft gibt. Beim gem\u00fctlichen Ausklang am Baggersee konnten wir gerade noch einen Drohnenunfall verhindern, dessen Ursache die Selbst\u00fcbersch\u00e4tzung des Piloten Thomas* war. Gemeinsames Abendessen gab es dann in der Alaia Bay. Die Drinks hielten sich einigermassen in Grenzen (Spoiler) und dank Wette zog Flitzer Stefan* zum Spass aller ein paar Bahnen durch das Surfbecken, allerdings zum Leidwesen des Betreibenden. Am n\u00e4chsten Tag ging es weiter zur Paintballfarm in Luzern. Unf\u00e4lle gab es gl\u00fccklicherweise keine, daf\u00fcr ordentlich blaue Flecken, welche auch Tage sp\u00e4ter noch an unseren Ausflug erinnerten.<\/p>\n<p>* Namen durch die Redaktion leicht abge\u00e4ndert \ud83d\ude09<\/p>\n<p><img decoding=\"async\" class=\"aligncenter size-large wp-image-22498 lazyload\" data-src=\"https:\/\/www.windwerk.ch\/wp-content\/uploads\/2022\/12\/alaia_0-1024x576.jpg\" alt=\"\" width=\"1024\" height=\"576\" data-srcset=\"https:\/\/www.windwerk.ch\/wp-content\/uploads\/2022\/12\/alaia_0-1024x576.jpg 1024w, https:\/\/www.windwerk.ch\/wp-content\/uploads\/2022\/12\/alaia_0-300x169.jpg 300w, https:\/\/www.windwerk.ch\/wp-content\/uploads\/2022\/12\/alaia_0-768x432.jpg 768w, https:\/\/www.windwerk.ch\/wp-content\/uploads\/2022\/12\/alaia_0-1536x864.jpg 1536w, https:\/\/www.windwerk.ch\/wp-content\/uploads\/2022\/12\/alaia_0.jpg 2048w\" data-sizes=\"(max-width: 1024px) 100vw, 1024px\" src=\"data:image\/svg+xml;base64,PHN2ZyB3aWR0aD0iMSIgaGVpZ2h0PSIxIiB4bWxucz0iaHR0cDovL3d3dy53My5vcmcvMjAwMC9zdmciPjwvc3ZnPg==\" style=\"--smush-placeholder-width: 1024px; --smush-placeholder-aspect-ratio: 1024\/576;\" \/><\/p>\n<p>&nbsp;<\/p>\n<p style=\"font-weight: 400;\"><strong><em>Swiss Location Award 2022 \u2013 wir sind \u00abherausragend\u00bb<\/em><\/strong><\/p>\n<p style=\"font-weight: 400;\">Der Swiss Location Award 2022 zeichnete uns im Juli mit der h\u00f6chsten Punktzahl unter den Erlebnislocations als \u00abHerausragende Location\u00bb aus. Vielen Dank an alle, die beim Voting ihren Teil dazu beigetragen haben! Solch grandioses Feedback zu bekommen, motiviert uns unheimlich und wir werden uns nicht darauf ausruhen. Ein Trommelwirbel geht auch an das Windwerk-Team, das t\u00e4glich herausragendes Engagement zeigt.<\/p>\n<p><img decoding=\"async\" class=\"aligncenter size-large wp-image-22496 lazyload\" data-src=\"https:\/\/www.windwerk.ch\/wp-content\/uploads\/2022\/12\/windwerk_content_juni_awarads_03-819x1024.jpg\" alt=\"\" width=\"819\" height=\"1024\" data-srcset=\"https:\/\/www.windwerk.ch\/wp-content\/uploads\/2022\/12\/windwerk_content_juni_awarads_03-819x1024.jpg 819w, https:\/\/www.windwerk.ch\/wp-content\/uploads\/2022\/12\/windwerk_content_juni_awarads_03-240x300.jpg 240w, https:\/\/www.windwerk.ch\/wp-content\/uploads\/2022\/12\/windwerk_content_juni_awarads_03-768x960.jpg 768w, https:\/\/www.windwerk.ch\/wp-content\/uploads\/2022\/12\/windwerk_content_juni_awarads_03-1229x1536.jpg 1229w, https:\/\/www.windwerk.ch\/wp-content\/uploads\/2022\/12\/windwerk_content_juni_awarads_03-1638x2048.jpg 1638w, https:\/\/www.windwerk.ch\/wp-content\/uploads\/2022\/12\/windwerk_content_juni_awarads_03-scaled.jpg 2048w\" data-sizes=\"(max-width: 819px) 100vw, 819px\" src=\"data:image\/svg+xml;base64,PHN2ZyB3aWR0aD0iMSIgaGVpZ2h0PSIxIiB4bWxucz0iaHR0cDovL3d3dy53My5vcmcvMjAwMC9zdmciPjwvc3ZnPg==\" style=\"--smush-placeholder-width: 819px; --smush-placeholder-aspect-ratio: 819\/1024;\" \/><\/p>\n<p>&nbsp;<\/p>\n<p style=\"font-weight: 400;\"><strong><em>Ohne Limit: Wir bringen alle zum Fliegen<\/em><\/strong><\/p>\n<p style=\"font-weight: 400;\">Inklusion ist uns wichtig. Unser Flight Instructor Novi hat beispielsweise viel Erfahrung in der Zusammenarbeit mit Menschen mit Sehbeeintr\u00e4chtigung. Ganz individuell auf deren Bed\u00fcrfnisse zugeschnitten, hat er einen Flugkurs aufgebaut (<a href=\"https:\/\/www.instagram.com\/reel\/CgdoRRaqEqa\/?igshid=YmMyMTA2M2Y=\">VIDEO<\/a>). Und wir durften auch schon eine Gruppe an Muskeldystrophie erkrankter junger Menschen in die Schwerelosigkeit begleiten. Die Erfahrungen, die wir gemeinsam mit Kindern, Jugendlichen oder Erwachsenen mit Beeintr\u00e4chtigung machen, sind eine grosse Bereicherung. Sie helfen uns, eigene Grenzen zu \u00fcberwinden und immer wieder zu versuchen, neue M\u00f6glichkeiten zu entdecken. Sie machen uns auch im Alltag aufmerksamer daf\u00fcr, wie wichtig Inklusion ist.<\/p>\n<p><img decoding=\"async\" class=\"aligncenter size-large wp-image-22487 lazyload\" data-src=\"https:\/\/www.windwerk.ch\/wp-content\/uploads\/2022\/10\/windwerk_content_august_2022_-819x1024.jpg\" alt=\"\" width=\"819\" height=\"1024\" data-srcset=\"https:\/\/www.windwerk.ch\/wp-content\/uploads\/2022\/10\/windwerk_content_august_2022_-819x1024.jpg 819w, https:\/\/www.windwerk.ch\/wp-content\/uploads\/2022\/10\/windwerk_content_august_2022_-240x300.jpg 240w, https:\/\/www.windwerk.ch\/wp-content\/uploads\/2022\/10\/windwerk_content_august_2022_-768x960.jpg 768w, https:\/\/www.windwerk.ch\/wp-content\/uploads\/2022\/10\/windwerk_content_august_2022_-1229x1536.jpg 1229w, https:\/\/www.windwerk.ch\/wp-content\/uploads\/2022\/10\/windwerk_content_august_2022_-1638x2048.jpg 1638w, https:\/\/www.windwerk.ch\/wp-content\/uploads\/2022\/10\/windwerk_content_august_2022_-scaled.jpg 2048w\" data-sizes=\"(max-width: 819px) 100vw, 819px\" src=\"data:image\/svg+xml;base64,PHN2ZyB3aWR0aD0iMSIgaGVpZ2h0PSIxIiB4bWxucz0iaHR0cDovL3d3dy53My5vcmcvMjAwMC9zdmciPjwvc3ZnPg==\" style=\"--smush-placeholder-width: 819px; --smush-placeholder-aspect-ratio: 819\/1024;\" \/><\/p>\n<p>&nbsp;<\/p>\n<p><strong>Unsere neue Sonnenterrasse<\/strong><\/p>\n<p style=\"font-weight: 400;\">Da Sitzpl\u00e4tze, insbesondere \u00fcberdachte, im Aussenbereich bisher Mangelware sind, haben wir Abhilfe geschaffen. Allerdings glauben wir fast nicht mehr daran, dass die Terrassenm\u00f6bel noch vor Erscheinen dieses Blogbeitrags geliefert werden. Im Fr\u00fchling sind wir dann sicher eingerichtet und freuen uns auf gem\u00fctliche Sonnenstunden auf unserer S\u00fcdterrasse.<\/p>\n<p><img decoding=\"async\" class=\"aligncenter size-large wp-image-22500 lazyload\" data-src=\"https:\/\/www.windwerk.ch\/wp-content\/uploads\/2022\/12\/img_1675-576x1024.jpg\" alt=\"\" width=\"576\" height=\"1024\" data-srcset=\"https:\/\/www.windwerk.ch\/wp-content\/uploads\/2022\/12\/img_1675-576x1024.jpg 576w, https:\/\/www.windwerk.ch\/wp-content\/uploads\/2022\/12\/img_1675-169x300.jpg 169w, https:\/\/www.windwerk.ch\/wp-content\/uploads\/2022\/12\/img_1675-768x1366.jpg 768w, https:\/\/www.windwerk.ch\/wp-content\/uploads\/2022\/12\/img_1675-864x1536.jpg 864w, https:\/\/www.windwerk.ch\/wp-content\/uploads\/2022\/12\/img_1675-1152x2048.jpg 1152w, https:\/\/www.windwerk.ch\/wp-content\/uploads\/2022\/12\/img_1675-scaled.jpg 1440w\" data-sizes=\"(max-width: 576px) 100vw, 576px\" src=\"data:image\/svg+xml;base64,PHN2ZyB3aWR0aD0iMSIgaGVpZ2h0PSIxIiB4bWxucz0iaHR0cDovL3d3dy53My5vcmcvMjAwMC9zdmciPjwvc3ZnPg==\" style=\"--smush-placeholder-width: 576px; --smush-placeholder-aspect-ratio: 576\/1024;\" \/><\/p>\n<p style=\"font-weight: 400;\"><strong><em>Das Windwerk erfindet sich neu &#8211; der Markenrelaunch<\/em><\/strong><\/p>\n<p style=\"font-weight: 400;\">Die \u00dcberarbeitung der Marketingstrategie und -prozesse stand in diesem Jahr ganz oben auf unserer Agenda, um das Windwerk als Marke st\u00e4rker zu positionieren. Das l\u00e4uft nat\u00fcrlich vor allem hinter den Kulissen ab. Wir haben vom Logo \u00fcber Social Media bis zum Gutschein alles kritisch be\u00e4ugt und mit einem Facelift versehen. Die Website haben wir uns f\u00fcr kommendes Jahr aufgehoben.<\/p>\n<p><img decoding=\"async\" class=\"aligncenter size-large wp-image-22502 lazyload\" data-src=\"https:\/\/www.windwerk.ch\/wp-content\/uploads\/2022\/12\/20220701_windwerk_ci_manual_2022-1024x576.jpg\" alt=\"\" width=\"1024\" height=\"576\" data-srcset=\"https:\/\/www.windwerk.ch\/wp-content\/uploads\/2022\/12\/20220701_windwerk_ci_manual_2022-1024x576.jpg 1024w, https:\/\/www.windwerk.ch\/wp-content\/uploads\/2022\/12\/20220701_windwerk_ci_manual_2022-300x169.jpg 300w, https:\/\/www.windwerk.ch\/wp-content\/uploads\/2022\/12\/20220701_windwerk_ci_manual_2022-768x432.jpg 768w, https:\/\/www.windwerk.ch\/wp-content\/uploads\/2022\/12\/20220701_windwerk_ci_manual_2022-1536x864.jpg 1536w, https:\/\/www.windwerk.ch\/wp-content\/uploads\/2022\/12\/20220701_windwerk_ci_manual_2022.jpg 1920w\" data-sizes=\"(max-width: 1024px) 100vw, 1024px\" src=\"data:image\/svg+xml;base64,PHN2ZyB3aWR0aD0iMSIgaGVpZ2h0PSIxIiB4bWxucz0iaHR0cDovL3d3dy53My5vcmcvMjAwMC9zdmciPjwvc3ZnPg==\" style=\"--smush-placeholder-width: 1024px; --smush-placeholder-aspect-ratio: 1024\/576;\" \/> <img decoding=\"async\" class=\"aligncenter size-large wp-image-22504 lazyload\" data-src=\"https:\/\/www.windwerk.ch\/wp-content\/uploads\/2022\/12\/20220702_windwerk_ci_manual_2022-1024x576.jpg\" alt=\"\" width=\"1024\" height=\"576\" data-srcset=\"https:\/\/www.windwerk.ch\/wp-content\/uploads\/2022\/12\/20220702_windwerk_ci_manual_2022-1024x576.jpg 1024w, https:\/\/www.windwerk.ch\/wp-content\/uploads\/2022\/12\/20220702_windwerk_ci_manual_2022-300x169.jpg 300w, https:\/\/www.windwerk.ch\/wp-content\/uploads\/2022\/12\/20220702_windwerk_ci_manual_2022-768x432.jpg 768w, https:\/\/www.windwerk.ch\/wp-content\/uploads\/2022\/12\/20220702_windwerk_ci_manual_2022-1536x864.jpg 1536w, https:\/\/www.windwerk.ch\/wp-content\/uploads\/2022\/12\/20220702_windwerk_ci_manual_2022.jpg 1920w\" data-sizes=\"(max-width: 1024px) 100vw, 1024px\" src=\"data:image\/svg+xml;base64,PHN2ZyB3aWR0aD0iMSIgaGVpZ2h0PSIxIiB4bWxucz0iaHR0cDovL3d3dy53My5vcmcvMjAwMC9zdmciPjwvc3ZnPg==\" style=\"--smush-placeholder-width: 1024px; --smush-placeholder-aspect-ratio: 1024\/576;\" \/><\/p>\n<p class=\"module__label\" style=\"font-weight: 400;\"><strong>Apropos 2023 \u2013 hier ein kleiner Vorgeschmack:\u00a0 <\/strong><\/p>\n<p style=\"font-weight: 400;\">Die Indoor Skydiving Swiss Championships finden am 10. und 11. M\u00e4rz 2023 statt. Dieses Mal nicht bei uns, sondern bei den Kolleg:innen in Sion. Kurz darauf, vom 19. bis 23. April 2023, wird es dann wieder bei der FAI World Indoor Skydiving Championship in der Slowakei turbulent.<\/p>\n<p style=\"font-weight: 400;\">Und am 8. Dezember feiern wir unser 5-j\u00e4hriges Jubil\u00e4um und zwar so richtig ordentlich. Der Termin kann gerne schon einmal fett im Kalender eingetragen werden. Wir werden nat\u00fcrlich alles geben, einen Megaevent mit Special Guests auf die Beine zu stellen.<\/p>\n<p style=\"font-weight: 400;\">Doch jetzt zur\u00fcck zum Jahresende: Wir w\u00fcnschen allen sch\u00f6ne Weihnachtstage und f\u00fcr das n\u00e4chste Jahr alles Gute. Wir sind dankbar f\u00fcr die grosse Unterst\u00fctzung, die wir von unseren Besucher:innen, Proflyern und F\u00f6rdernden erhalten. Nur mit ihnen und einem unschlagbaren Team k\u00f6nnen wir unsere Ziele verfolgen und erreichen. Merci vielmal!<\/p>\n<p style=\"font-weight: 400;\">Das Windwerk-Team ruft Euch herzlich zu:<\/p>\n<blockquote>\n<p style=\"font-weight: 400;\">Sch\u00f6ni Wiehnacht und e guets N\u00f6is!<\/p>\n<\/blockquote>\n","protected":false},"excerpt":{"rendered":"<p>Weihnachtstrubel hin, Weihnachtstrubel her \u2013 zum Jahresende nehmen wir uns die Zeit, auf die vergangenen 12 Monate zur\u00fcckzuschauen, und da ist ganz sch\u00f6n viel passiert. Im Windwerk verfolgen wir zwei &#8230;<\/p>\n","protected":false},"author":1,"featured_media":619,"comment_status":"open","ping_status":"open","sticky":false,"template":"","format":"standard","meta":{"_acf_changed":false,"footnotes":""},"categories":[48],"tags":[],"class_list":["post-618","post","type-post","status-publish","format-standard","has-post-thumbnail","hentry","category-allgemein","has_thumb"],"acf":[],"yoast_head":"<!-- This site is optimized with the Yoast SEO Premium plugin v26.0 (Yoast SEO v27.3) - https:\/\/yoast.com\/product\/yoast-seo-premium-wordpress\/ -->\n<title>Was f\u00fcr ein Jahr! Zeit f\u00fcr einen R\u00fcckblick - Windwerk Indoor Skydiving<\/title>\n<meta name=\"description\" content=\"Das Jahr 2022 war der Hammer! Wir geben heute einen R\u00fcckblick \u00fcber unsere pers\u00f6nlichen Highlights des Jahres!\" \/>\n<meta name=\"robots\" content=\"index, follow, max-snippet:-1, max-image-preview:large, max-video-preview:-1\" \/>\n<link rel=\"canonical\" href=\"https:\/\/www.windwerk.ch\/de\/blog\/rueckblick-2022\" \/>\n<meta property=\"og:locale\" content=\"de_DE\" \/>\n<meta property=\"og:type\" content=\"article\" \/>\n<meta property=\"og:title\" content=\"Was f\u00fcr ein Jahr! Zeit f\u00fcr einen R\u00fcckblick\" \/>\n<meta property=\"og:description\" content=\"Das Jahr 2022 war der Hammer! Wir geben heute einen R\u00fcckblick \u00fcber unsere pers\u00f6nlichen Highlights des Jahres!\" \/>\n<meta property=\"og:url\" content=\"https:\/\/www.windwerk.ch\/de\/blog\/rueckblick-2022\" \/>\n<meta property=\"og:site_name\" content=\"Windwerk Indoor Skydiving\" \/>\n<meta property=\"article:published_time\" content=\"2022-12-01T07:25:19+00:00\" \/>\n<meta property=\"article:modified_time\" content=\"2024-09-05T14:40:12+00:00\" \/>\n<meta property=\"og:image\" content=\"https:\/\/www.windwerk.ch\/wp-content\/uploads\/2024\/03\/bodyflying-bildansicht-ausserhalb-vom-tunnel-scaled-1.jpg\" \/>\n\t<meta property=\"og:image:width\" content=\"2560\" \/>\n\t<meta property=\"og:image:height\" content=\"1707\" \/>\n\t<meta property=\"og:image:type\" content=\"image\/jpeg\" \/>\n<meta name=\"author\" content=\"root\" \/>\n<meta name=\"twitter:card\" content=\"summary_large_image\" \/>\n<meta name=\"twitter:label1\" content=\"Verfasst von\" \/>\n\t<meta name=\"twitter:data1\" content=\"root\" \/>\n\t<meta name=\"twitter:label2\" content=\"Gesch\u00e4tzte Lesezeit\" \/>\n\t<meta name=\"twitter:data2\" content=\"8\u00a0Minuten\" \/>\n<script type=\"application\/ld+json\" class=\"yoast-schema-graph\">{\"@context\":\"https:\\\/\\\/schema.org\",\"@graph\":[{\"@type\":\"Article\",\"@id\":\"https:\\\/\\\/www.windwerk.ch\\\/de\\\/blog\\\/rueckblick-2022#article\",\"isPartOf\":{\"@id\":\"https:\\\/\\\/www.windwerk.ch\\\/de\\\/blog\\\/rueckblick-2022\"},\"author\":{\"name\":\"root\",\"@id\":\"https:\\\/\\\/www.windwerk.ch\\\/de\\\/#\\\/schema\\\/person\\\/4b4273f7f9aa840e90be32d23f46f160\"},\"headline\":\"Was f\u00fcr ein Jahr! Zeit f\u00fcr einen R\u00fcckblick\",\"datePublished\":\"2022-12-01T07:25:19+00:00\",\"dateModified\":\"2024-09-05T14:40:12+00:00\",\"mainEntityOfPage\":{\"@id\":\"https:\\\/\\\/www.windwerk.ch\\\/de\\\/blog\\\/rueckblick-2022\"},\"wordCount\":998,\"commentCount\":0,\"image\":{\"@id\":\"https:\\\/\\\/www.windwerk.ch\\\/de\\\/blog\\\/rueckblick-2022#primaryimage\"},\"thumbnailUrl\":\"https:\\\/\\\/www.windwerk.ch\\\/wp-content\\\/uploads\\\/2024\\\/03\\\/bodyflying-bildansicht-ausserhalb-vom-tunnel-scaled-1.jpg\",\"inLanguage\":\"de\",\"potentialAction\":[{\"@type\":\"CommentAction\",\"name\":\"Comment\",\"target\":[\"https:\\\/\\\/www.windwerk.ch\\\/de\\\/blog\\\/rueckblick-2022#respond\"]}]},{\"@type\":\"WebPage\",\"@id\":\"https:\\\/\\\/www.windwerk.ch\\\/de\\\/blog\\\/rueckblick-2022\",\"url\":\"https:\\\/\\\/www.windwerk.ch\\\/de\\\/blog\\\/rueckblick-2022\",\"name\":\"Was f\u00fcr ein Jahr! Zeit f\u00fcr einen R\u00fcckblick - Windwerk Indoor Skydiving\",\"isPartOf\":{\"@id\":\"https:\\\/\\\/www.windwerk.ch\\\/de\\\/#website\"},\"primaryImageOfPage\":{\"@id\":\"https:\\\/\\\/www.windwerk.ch\\\/de\\\/blog\\\/rueckblick-2022#primaryimage\"},\"image\":{\"@id\":\"https:\\\/\\\/www.windwerk.ch\\\/de\\\/blog\\\/rueckblick-2022#primaryimage\"},\"thumbnailUrl\":\"https:\\\/\\\/www.windwerk.ch\\\/wp-content\\\/uploads\\\/2024\\\/03\\\/bodyflying-bildansicht-ausserhalb-vom-tunnel-scaled-1.jpg\",\"datePublished\":\"2022-12-01T07:25:19+00:00\",\"dateModified\":\"2024-09-05T14:40:12+00:00\",\"author\":{\"@id\":\"https:\\\/\\\/www.windwerk.ch\\\/de\\\/#\\\/schema\\\/person\\\/4b4273f7f9aa840e90be32d23f46f160\"},\"description\":\"Das Jahr 2022 war der Hammer! Wir geben heute einen R\u00fcckblick \u00fcber unsere pers\u00f6nlichen Highlights des Jahres!\",\"breadcrumb\":{\"@id\":\"https:\\\/\\\/www.windwerk.ch\\\/de\\\/blog\\\/rueckblick-2022#breadcrumb\"},\"inLanguage\":\"de\",\"potentialAction\":[{\"@type\":\"ReadAction\",\"target\":[\"https:\\\/\\\/www.windwerk.ch\\\/de\\\/blog\\\/rueckblick-2022\"]}]},{\"@type\":\"ImageObject\",\"inLanguage\":\"de\",\"@id\":\"https:\\\/\\\/www.windwerk.ch\\\/de\\\/blog\\\/rueckblick-2022#primaryimage\",\"url\":\"https:\\\/\\\/www.windwerk.ch\\\/wp-content\\\/uploads\\\/2024\\\/03\\\/bodyflying-bildansicht-ausserhalb-vom-tunnel-scaled-1.jpg\",\"contentUrl\":\"https:\\\/\\\/www.windwerk.ch\\\/wp-content\\\/uploads\\\/2024\\\/03\\\/bodyflying-bildansicht-ausserhalb-vom-tunnel-scaled-1.jpg\",\"width\":2560,\"height\":1707},{\"@type\":\"BreadcrumbList\",\"@id\":\"https:\\\/\\\/www.windwerk.ch\\\/de\\\/blog\\\/rueckblick-2022#breadcrumb\",\"itemListElement\":[{\"@type\":\"ListItem\",\"position\":1,\"name\":\"Home\",\"item\":\"https:\\\/\\\/www.windwerk.ch\\\/de\"},{\"@type\":\"ListItem\",\"position\":2,\"name\":\"Was f\u00fcr ein Jahr! Zeit f\u00fcr einen R\u00fcckblick\"}]},{\"@type\":\"WebSite\",\"@id\":\"https:\\\/\\\/www.windwerk.ch\\\/de\\\/#website\",\"url\":\"https:\\\/\\\/www.windwerk.ch\\\/de\\\/\",\"name\":\"Windwerk Indoor Skydiving und Bodyflying\",\"description\":\"Indoor Skydiving und Bodyflying\",\"potentialAction\":[{\"@type\":\"SearchAction\",\"target\":{\"@type\":\"EntryPoint\",\"urlTemplate\":\"https:\\\/\\\/www.windwerk.ch\\\/de\\\/?s={search_term_string}\"},\"query-input\":{\"@type\":\"PropertyValueSpecification\",\"valueRequired\":true,\"valueName\":\"search_term_string\"}}],\"inLanguage\":\"de\"},{\"@type\":\"Person\",\"@id\":\"https:\\\/\\\/www.windwerk.ch\\\/de\\\/#\\\/schema\\\/person\\\/4b4273f7f9aa840e90be32d23f46f160\",\"name\":\"root\",\"image\":{\"@type\":\"ImageObject\",\"inLanguage\":\"de\",\"@id\":\"https:\\\/\\\/secure.gravatar.com\\\/avatar\\\/9cfc243038f50bd6540edfd6037d93dbab117dd29da1ef07dc2600b49bb95d33?s=96&d=mm&r=g\",\"url\":\"https:\\\/\\\/secure.gravatar.com\\\/avatar\\\/9cfc243038f50bd6540edfd6037d93dbab117dd29da1ef07dc2600b49bb95d33?s=96&d=mm&r=g\",\"contentUrl\":\"https:\\\/\\\/secure.gravatar.com\\\/avatar\\\/9cfc243038f50bd6540edfd6037d93dbab117dd29da1ef07dc2600b49bb95d33?s=96&d=mm&r=g\",\"caption\":\"root\"},\"sameAs\":[\"https:\\\/\\\/www.windwerk.ch\"]}]}<\/script>\n<!-- \/ Yoast SEO Premium plugin. -->","yoast_head_json":{"title":"Was f\u00fcr ein Jahr! Zeit f\u00fcr einen R\u00fcckblick - Windwerk Indoor Skydiving","description":"Das Jahr 2022 war der Hammer! Wir geben heute einen R\u00fcckblick \u00fcber unsere pers\u00f6nlichen Highlights des Jahres!","robots":{"index":"index","follow":"follow","max-snippet":"max-snippet:-1","max-image-preview":"max-image-preview:large","max-video-preview":"max-video-preview:-1"},"canonical":"https:\/\/www.windwerk.ch\/de\/blog\/rueckblick-2022","og_locale":"de_DE","og_type":"article","og_title":"Was f\u00fcr ein Jahr! Zeit f\u00fcr einen R\u00fcckblick","og_description":"Das Jahr 2022 war der Hammer! Wir geben heute einen R\u00fcckblick \u00fcber unsere pers\u00f6nlichen Highlights des Jahres!","og_url":"https:\/\/www.windwerk.ch\/de\/blog\/rueckblick-2022","og_site_name":"Windwerk Indoor Skydiving","article_published_time":"2022-12-01T07:25:19+00:00","article_modified_time":"2024-09-05T14:40:12+00:00","og_image":[{"width":2560,"height":1707,"url":"https:\/\/www.windwerk.ch\/wp-content\/uploads\/2024\/03\/bodyflying-bildansicht-ausserhalb-vom-tunnel-scaled-1.jpg","type":"image\/jpeg"}],"author":"root","twitter_card":"summary_large_image","twitter_misc":{"Verfasst von":"root","Gesch\u00e4tzte Lesezeit":"8\u00a0Minuten"},"schema":{"@context":"https:\/\/schema.org","@graph":[{"@type":"Article","@id":"https:\/\/www.windwerk.ch\/de\/blog\/rueckblick-2022#article","isPartOf":{"@id":"https:\/\/www.windwerk.ch\/de\/blog\/rueckblick-2022"},"author":{"name":"root","@id":"https:\/\/www.windwerk.ch\/de\/#\/schema\/person\/4b4273f7f9aa840e90be32d23f46f160"},"headline":"Was f\u00fcr ein Jahr! Zeit f\u00fcr einen R\u00fcckblick","datePublished":"2022-12-01T07:25:19+00:00","dateModified":"2024-09-05T14:40:12+00:00","mainEntityOfPage":{"@id":"https:\/\/www.windwerk.ch\/de\/blog\/rueckblick-2022"},"wordCount":998,"commentCount":0,"image":{"@id":"https:\/\/www.windwerk.ch\/de\/blog\/rueckblick-2022#primaryimage"},"thumbnailUrl":"https:\/\/www.windwerk.ch\/wp-content\/uploads\/2024\/03\/bodyflying-bildansicht-ausserhalb-vom-tunnel-scaled-1.jpg","inLanguage":"de","potentialAction":[{"@type":"CommentAction","name":"Comment","target":["https:\/\/www.windwerk.ch\/de\/blog\/rueckblick-2022#respond"]}]},{"@type":"WebPage","@id":"https:\/\/www.windwerk.ch\/de\/blog\/rueckblick-2022","url":"https:\/\/www.windwerk.ch\/de\/blog\/rueckblick-2022","name":"Was f\u00fcr ein Jahr! Zeit f\u00fcr einen R\u00fcckblick - Windwerk Indoor Skydiving","isPartOf":{"@id":"https:\/\/www.windwerk.ch\/de\/#website"},"primaryImageOfPage":{"@id":"https:\/\/www.windwerk.ch\/de\/blog\/rueckblick-2022#primaryimage"},"image":{"@id":"https:\/\/www.windwerk.ch\/de\/blog\/rueckblick-2022#primaryimage"},"thumbnailUrl":"https:\/\/www.windwerk.ch\/wp-content\/uploads\/2024\/03\/bodyflying-bildansicht-ausserhalb-vom-tunnel-scaled-1.jpg","datePublished":"2022-12-01T07:25:19+00:00","dateModified":"2024-09-05T14:40:12+00:00","author":{"@id":"https:\/\/www.windwerk.ch\/de\/#\/schema\/person\/4b4273f7f9aa840e90be32d23f46f160"},"description":"Das Jahr 2022 war der Hammer! Wir geben heute einen R\u00fcckblick \u00fcber unsere pers\u00f6nlichen Highlights des Jahres!","breadcrumb":{"@id":"https:\/\/www.windwerk.ch\/de\/blog\/rueckblick-2022#breadcrumb"},"inLanguage":"de","potentialAction":[{"@type":"ReadAction","target":["https:\/\/www.windwerk.ch\/de\/blog\/rueckblick-2022"]}]},{"@type":"ImageObject","inLanguage":"de","@id":"https:\/\/www.windwerk.ch\/de\/blog\/rueckblick-2022#primaryimage","url":"https:\/\/www.windwerk.ch\/wp-content\/uploads\/2024\/03\/bodyflying-bildansicht-ausserhalb-vom-tunnel-scaled-1.jpg","contentUrl":"https:\/\/www.windwerk.ch\/wp-content\/uploads\/2024\/03\/bodyflying-bildansicht-ausserhalb-vom-tunnel-scaled-1.jpg","width":2560,"height":1707},{"@type":"BreadcrumbList","@id":"https:\/\/www.windwerk.ch\/de\/blog\/rueckblick-2022#breadcrumb","itemListElement":[{"@type":"ListItem","position":1,"name":"Home","item":"https:\/\/www.windwerk.ch\/de"},{"@type":"ListItem","position":2,"name":"Was f\u00fcr ein Jahr! Zeit f\u00fcr einen R\u00fcckblick"}]},{"@type":"WebSite","@id":"https:\/\/www.windwerk.ch\/de\/#website","url":"https:\/\/www.windwerk.ch\/de\/","name":"Windwerk Indoor Skydiving und Bodyflying","description":"Indoor Skydiving und Bodyflying","potentialAction":[{"@type":"SearchAction","target":{"@type":"EntryPoint","urlTemplate":"https:\/\/www.windwerk.ch\/de\/?s={search_term_string}"},"query-input":{"@type":"PropertyValueSpecification","valueRequired":true,"valueName":"search_term_string"}}],"inLanguage":"de"},{"@type":"Person","@id":"https:\/\/www.windwerk.ch\/de\/#\/schema\/person\/4b4273f7f9aa840e90be32d23f46f160","name":"root","image":{"@type":"ImageObject","inLanguage":"de","@id":"https:\/\/secure.gravatar.com\/avatar\/9cfc243038f50bd6540edfd6037d93dbab117dd29da1ef07dc2600b49bb95d33?s=96&d=mm&r=g","url":"https:\/\/secure.gravatar.com\/avatar\/9cfc243038f50bd6540edfd6037d93dbab117dd29da1ef07dc2600b49bb95d33?s=96&d=mm&r=g","contentUrl":"https:\/\/secure.gravatar.com\/avatar\/9cfc243038f50bd6540edfd6037d93dbab117dd29da1ef07dc2600b49bb95d33?s=96&d=mm&r=g","caption":"root"},"sameAs":["https:\/\/www.windwerk.ch"]}]}},"_links":{"self":[{"href":"https:\/\/www.windwerk.ch\/de\/wp-json\/wp\/v2\/posts\/618","targetHints":{"allow":["GET"]}}],"collection":[{"href":"https:\/\/www.windwerk.ch\/de\/wp-json\/wp\/v2\/posts"}],"about":[{"href":"https:\/\/www.windwerk.ch\/de\/wp-json\/wp\/v2\/types\/post"}],"author":[{"embeddable":true,"href":"https:\/\/www.windwerk.ch\/de\/wp-json\/wp\/v2\/users\/1"}],"replies":[{"embeddable":true,"href":"https:\/\/www.windwerk.ch\/de\/wp-json\/wp\/v2\/comments?post=618"}],"version-history":[{"count":2,"href":"https:\/\/www.windwerk.ch\/de\/wp-json\/wp\/v2\/posts\/618\/revisions"}],"predecessor-version":[{"id":22506,"href":"https:\/\/www.windwerk.ch\/de\/wp-json\/wp\/v2\/posts\/618\/revisions\/22506"}],"wp:featuredmedia":[{"embeddable":true,"href":"https:\/\/www.windwerk.ch\/de\/wp-json\/wp\/v2\/media\/619"}],"wp:attachment":[{"href":"https:\/\/www.windwerk.ch\/de\/wp-json\/wp\/v2\/media?parent=618"}],"wp:term":[{"taxonomy":"category","embeddable":true,"href":"https:\/\/www.windwerk.ch\/de\/wp-json\/wp\/v2\/categories?post=618"},{"taxonomy":"post_tag","embeddable":true,"href":"https:\/\/www.windwerk.ch\/de\/wp-json\/wp\/v2\/tags?post=618"}],"curies":[{"name":"wp","href":"https:\/\/api.w.org\/{rel}","templated":true}]}}