{"id":629,"date":"2023-01-01T07:00:07","date_gmt":"2023-01-01T07:00:07","guid":{"rendered":"http:\/\/windwerk.ch.w01f6705.kasserver.com\/siro-gravity-nextgen\/"},"modified":"2024-09-05T16:46:50","modified_gmt":"2024-09-05T14:46:50","slug":"siro-gravity-nextgen","status":"publish","type":"post","link":"https:\/\/www.windwerk.ch\/de\/blog\/siro-gravity-nextgen","title":{"rendered":"SIRO Gravity \u2013 die NextGen im Windkanal"},"content":{"rendered":"<p style=\"font-weight: 400;\">Die j\u00fcngsten Proflyer:innen in unserem Windkanal sind die Geschwister Sina (14 Jahre) und Robin (11 Jahre). Sie sind ein grossartiges Beispiel daf\u00fcr, dass auch ganz junge Menschen diesen noch ungew\u00f6hnlichen Sport aus\u00fcben und den Erwachsenen das Wasser reichen k\u00f6nnen. Wir haben mit den beiden gesprochen, um zu erfahren, was sie am Bodyflying begeistert.<\/p>\n<blockquote>\n<p style=\"font-weight: 400;\">Zusammen bildet ihr das Team SIRO Gravity. Ein sehr gekonntes Wortspiel. Wie seid ihr darauf gekommen?<\/p>\n<\/blockquote>\n<p style=\"font-weight: 400;\"><em>Robins Gotte und ihr Mann hatten die Idee. SIRO steht f\u00fcr unsere Vornamen und gleichzeitig f\u00fcr \u00abzero\u00bb. Also null auf Englisch. Und Gravity ist der englische Ausdruck f\u00fcr Gravitation.<\/em><\/p>\n<p>&nbsp;<\/p>\n<blockquote>\n<p style=\"font-weight: 400;\">Seit wann macht ihr Bodyflying als Sport und wie seid ihr dazu gekommen?<\/p>\n<\/blockquote>\n<p style=\"font-weight: 400;\"><em>Wir machen Indoor Skydiving seit 1 \u00bd Jahren. Das erste Mal im Windkanal waren wir an der Geburtstagsfeier unseres Vaters.<\/em><\/p>\n<p>&nbsp;<\/p>\n<blockquote>\n<p style=\"font-weight: 400;\">Welche Disziplinen trainiert ihr zusammen und seid ihr auch allein im Windkanal unterwegs?<\/p>\n<\/blockquote>\n<p style=\"font-weight: 400;\"><em>Wir trainieren gerade Dynamic 2-way und haben vorher MFS (Mixed Formation Skydiving) gemacht. Allein im Windkanal sind wir nicht oft, aber gerne. Sina trainiert ausserdem noch Freestyle.<\/em><\/p>\n<blockquote>\n<p style=\"font-weight: 400;\">Da kommt sicherlich einiges an Trainingszeit zusammen, oder?<\/p>\n<\/blockquote>\n<p style=\"font-weight: 400;\"><em>Durchschnittlich sind wir 1-2 Stunden in der Woche im Windkanal.<\/em><\/p>\n<blockquote><p><img decoding=\"async\" class=\"aligncenter size-large wp-image-22508 lazyload\" data-src=\"https:\/\/www.windwerk.ch\/wp-content\/uploads\/2023\/01\/20220907_windwerk-tagshooting-48-1024x683.jpg\" alt=\"\" width=\"1024\" height=\"683\" data-srcset=\"https:\/\/www.windwerk.ch\/wp-content\/uploads\/2023\/01\/20220907_windwerk-tagshooting-48-1024x683.jpg 1024w, https:\/\/www.windwerk.ch\/wp-content\/uploads\/2023\/01\/20220907_windwerk-tagshooting-48-300x200.jpg 300w, https:\/\/www.windwerk.ch\/wp-content\/uploads\/2023\/01\/20220907_windwerk-tagshooting-48-768x512.jpg 768w, https:\/\/www.windwerk.ch\/wp-content\/uploads\/2023\/01\/20220907_windwerk-tagshooting-48-1536x1024.jpg 1536w, https:\/\/www.windwerk.ch\/wp-content\/uploads\/2023\/01\/20220907_windwerk-tagshooting-48-2048x1365.jpg 2048w\" data-sizes=\"(max-width: 1024px) 100vw, 1024px\" src=\"data:image\/svg+xml;base64,PHN2ZyB3aWR0aD0iMSIgaGVpZ2h0PSIxIiB4bWxucz0iaHR0cDovL3d3dy53My5vcmcvMjAwMC9zdmciPjwvc3ZnPg==\" style=\"--smush-placeholder-width: 1024px; --smush-placeholder-aspect-ratio: 1024\/683;\" \/><\/p>\n<p style=\"font-weight: 400;\">Viele Indoor Bodyflyer:innen sind auch im Bereich Fallschirmspringen aktiv. Wie sieht das bei euch aus?<\/p>\n<\/blockquote>\n<p style=\"font-weight: 400;\"><em>Wir haben unseren ersten Sprung aus 4\u2019000 Metern im letzten Sommer gemacht. Als Tandem. Es war sooooooooo cool!<\/em><\/p>\n<blockquote>\n<p style=\"font-weight: 400;\">Was empfindet ihr als gr\u00f6sste Herausforderung beim Aus\u00fcben dieses Sports?<\/p>\n<\/blockquote>\n<p style=\"font-weight: 400;\"><em>Wenn man zusammen fliegt, muss alles aufeinander abgestimmt sein. Man muss immer wissen, wo man selbst und wo der Partner ist. Dabei muss man Augenkontakt halten. Manche Elemente sind sehr schwer und m\u00fcssen oft wiederholt werden. Schwierig ist auch die Kommunikation im Windkanal, da man sich ja nur mit Handzeichen verst\u00e4ndigen kann.<\/em><\/p>\n<p>&nbsp;<\/p>\n<blockquote>\n<p style=\"font-weight: 400;\">Ihr habt an den Schweizer Meisterschaften 2022 im Windwerk teilgenommen. Wie hat sich das angef\u00fchlt?<\/p>\n<\/blockquote>\n<p style=\"font-weight: 400;\"><em>Es war sehr aufregend und wir konnten viele neue Erfahrungen sammeln. Zudem haben wir uns mit Erwachsenen gemessen und dabei nicht mal so schlecht abgeschnitten.<\/em><\/p>\n<p>&nbsp;<\/p>\n<blockquote>\n<p style=\"font-weight: 400;\">Seid ihr auch schon bei anderen Meisterschaften dabei gewesen?<\/p>\n<\/blockquote>\n<p style=\"font-weight: 400;\"><em>Die Schweizer Meisterschaften im Windwerk waren bisher unser einziger Wettkampf. Im M\u00e4rz 2023 finden die n\u00e4chsten statt. Dort werden wir nat\u00fcrlich dabei sein <\/em>\ud83d\ude0a.<\/p>\n<p>&nbsp;<\/p>\n<blockquote>\n<p style=\"font-weight: 400;\">Was ist euer Ziel f\u00fcr die Zukunft?<\/p>\n<\/blockquote>\n<p style=\"font-weight: 400;\"><em>Wir wollen auch gerne an internationalen Wettbewerben teilnehmen. <\/em><\/p>\n<p>&nbsp;<\/p>\n<blockquote>\n<p style=\"font-weight: 400;\">Was w\u00fcrdet ihr anderen Kindern\/Jugendlichen raten, die gerne diesen Sport aus\u00fcben m\u00f6chten?<\/p>\n<\/blockquote>\n<p style=\"font-weight: 400;\"><em>Wichtig sind Spass, etwas Mut und ein gutes K\u00f6rpergef\u00fchl.<\/em><\/p>\n<p>&nbsp;<\/p>\n<blockquote>\n<p style=\"font-weight: 400;\">K\u00f6nnt ihr euch vorstellen, sp\u00e4ter mal als Instruktor:innen zu arbeiten?<\/p>\n<\/blockquote>\n<p><em>Ja klar, wir k\u00f6nnen uns das beide sehr gut vorstellen! <\/em>\ud83d\ude09<\/p>\n<p>&nbsp;<\/p>\n<p>Wir sind super happy, dass Sina und Robin regelm\u00e4ssig bei uns den Windkanal durcheinanderwirbeln und dr\u00fccken jetzt schon fest die Daumen f\u00fcr die anstehenden Schweizer Meisterschaften. Das ganze Windwerk-Team steht hinter euch und unterst\u00fctzt euch gerne. Und wer weiss: Vielleicht k\u00f6nnen wir euch irgendwann in der Zukunft als Kolleg:innen bei uns begr\u00fcssen. Ihr seid bei uns herzlich willkommen.<\/p>\n<p><img decoding=\"async\" class=\"aligncenter size-large wp-image-22511 lazyload\" data-src=\"https:\/\/www.windwerk.ch\/wp-content\/uploads\/2023\/01\/20220907_windwerk-tagshooting-56-1024x683.jpg\" alt=\"\" width=\"1024\" height=\"683\" data-srcset=\"https:\/\/www.windwerk.ch\/wp-content\/uploads\/2023\/01\/20220907_windwerk-tagshooting-56-1024x683.jpg 1024w, https:\/\/www.windwerk.ch\/wp-content\/uploads\/2023\/01\/20220907_windwerk-tagshooting-56-300x200.jpg 300w, https:\/\/www.windwerk.ch\/wp-content\/uploads\/2023\/01\/20220907_windwerk-tagshooting-56-768x512.jpg 768w, https:\/\/www.windwerk.ch\/wp-content\/uploads\/2023\/01\/20220907_windwerk-tagshooting-56-1536x1024.jpg 1536w, https:\/\/www.windwerk.ch\/wp-content\/uploads\/2023\/01\/20220907_windwerk-tagshooting-56-2048x1365.jpg 2048w\" data-sizes=\"(max-width: 1024px) 100vw, 1024px\" src=\"data:image\/svg+xml;base64,PHN2ZyB3aWR0aD0iMSIgaGVpZ2h0PSIxIiB4bWxucz0iaHR0cDovL3d3dy53My5vcmcvMjAwMC9zdmciPjwvc3ZnPg==\" style=\"--smush-placeholder-width: 1024px; --smush-placeholder-aspect-ratio: 1024\/683;\" \/><\/p>\n","protected":false},"excerpt":{"rendered":"<p>Die j\u00fcngsten Proflyer:innen in unserem Windkanal sind die Geschwister Sina (14 Jahre) und Robin (11 Jahre). Sie sind ein grossartiges Beispiel daf\u00fcr, dass auch ganz junge Menschen diesen noch ungew\u00f6hnlichen &#8230;<\/p>\n","protected":false},"author":1,"featured_media":630,"comment_status":"open","ping_status":"open","sticky":false,"template":"","format":"standard","meta":{"_acf_changed":false,"footnotes":""},"categories":[48],"tags":[],"class_list":["post-629","post","type-post","status-publish","format-standard","has-post-thumbnail","hentry","category-allgemein","has_thumb"],"acf":[],"yoast_head":"<!-- This site is optimized with the Yoast SEO Premium plugin v26.0 (Yoast SEO v27.3) - https:\/\/yoast.com\/product\/yoast-seo-premium-wordpress\/ -->\n<title>SIRO Gravity \u2013 die NextGen im Windkanal - Windwerk Indoor Skydiving<\/title>\n<meta name=\"description\" content=\"Das Jahr 2022 war der Hammer! Wir geben heute einen R\u00fcckblick \u00fcber unsere pers\u00f6nlichen Highlights des Jahres!\" \/>\n<meta name=\"robots\" content=\"index, follow, max-snippet:-1, max-image-preview:large, max-video-preview:-1\" \/>\n<link rel=\"canonical\" href=\"https:\/\/www.windwerk.ch\/de\/blog\/siro-gravity-nextgen\" \/>\n<meta property=\"og:locale\" content=\"de_DE\" \/>\n<meta property=\"og:type\" content=\"article\" \/>\n<meta property=\"og:title\" content=\"SIRO Gravity \u2013 die NextGen im Windkanal\" \/>\n<meta property=\"og:description\" content=\"Das Jahr 2022 war der Hammer! Wir geben heute einen R\u00fcckblick \u00fcber unsere pers\u00f6nlichen Highlights des Jahres!\" \/>\n<meta property=\"og:url\" content=\"https:\/\/www.windwerk.ch\/de\/blog\/siro-gravity-nextgen\" \/>\n<meta property=\"og:site_name\" content=\"Windwerk Indoor Skydiving\" \/>\n<meta property=\"article:published_time\" content=\"2023-01-01T07:00:07+00:00\" \/>\n<meta property=\"article:modified_time\" content=\"2024-09-05T14:46:50+00:00\" \/>\n<meta property=\"og:image\" content=\"https:\/\/www.windwerk.ch\/wp-content\/uploads\/2024\/03\/20220907_windwerk-tagshooting-70-scaled-1.jpg\" \/>\n\t<meta property=\"og:image:width\" content=\"2560\" \/>\n\t<meta property=\"og:image:height\" content=\"1707\" \/>\n\t<meta property=\"og:image:type\" content=\"image\/jpeg\" \/>\n<meta name=\"author\" content=\"root\" \/>\n<meta name=\"twitter:card\" content=\"summary_large_image\" \/>\n<meta name=\"twitter:label1\" content=\"Verfasst von\" \/>\n\t<meta name=\"twitter:data1\" content=\"root\" \/>\n\t<meta name=\"twitter:label2\" content=\"Gesch\u00e4tzte Lesezeit\" \/>\n\t<meta name=\"twitter:data2\" content=\"3\u00a0Minuten\" \/>\n<script type=\"application\/ld+json\" class=\"yoast-schema-graph\">{\"@context\":\"https:\\\/\\\/schema.org\",\"@graph\":[{\"@type\":\"Article\",\"@id\":\"https:\\\/\\\/www.windwerk.ch\\\/de\\\/blog\\\/siro-gravity-nextgen#article\",\"isPartOf\":{\"@id\":\"https:\\\/\\\/www.windwerk.ch\\\/de\\\/blog\\\/siro-gravity-nextgen\"},\"author\":{\"name\":\"root\",\"@id\":\"https:\\\/\\\/www.windwerk.ch\\\/de\\\/#\\\/schema\\\/person\\\/4b4273f7f9aa840e90be32d23f46f160\"},\"headline\":\"SIRO Gravity \u2013 die NextGen im Windkanal\",\"datePublished\":\"2023-01-01T07:00:07+00:00\",\"dateModified\":\"2024-09-05T14:46:50+00:00\",\"mainEntityOfPage\":{\"@id\":\"https:\\\/\\\/www.windwerk.ch\\\/de\\\/blog\\\/siro-gravity-nextgen\"},\"wordCount\":513,\"commentCount\":0,\"image\":{\"@id\":\"https:\\\/\\\/www.windwerk.ch\\\/de\\\/blog\\\/siro-gravity-nextgen#primaryimage\"},\"thumbnailUrl\":\"https:\\\/\\\/www.windwerk.ch\\\/wp-content\\\/uploads\\\/2024\\\/03\\\/20220907_windwerk-tagshooting-70-scaled-1.jpg\",\"inLanguage\":\"de\",\"potentialAction\":[{\"@type\":\"CommentAction\",\"name\":\"Comment\",\"target\":[\"https:\\\/\\\/www.windwerk.ch\\\/de\\\/blog\\\/siro-gravity-nextgen#respond\"]}]},{\"@type\":\"WebPage\",\"@id\":\"https:\\\/\\\/www.windwerk.ch\\\/de\\\/blog\\\/siro-gravity-nextgen\",\"url\":\"https:\\\/\\\/www.windwerk.ch\\\/de\\\/blog\\\/siro-gravity-nextgen\",\"name\":\"SIRO Gravity \u2013 die NextGen im Windkanal - Windwerk Indoor Skydiving\",\"isPartOf\":{\"@id\":\"https:\\\/\\\/www.windwerk.ch\\\/de\\\/#website\"},\"primaryImageOfPage\":{\"@id\":\"https:\\\/\\\/www.windwerk.ch\\\/de\\\/blog\\\/siro-gravity-nextgen#primaryimage\"},\"image\":{\"@id\":\"https:\\\/\\\/www.windwerk.ch\\\/de\\\/blog\\\/siro-gravity-nextgen#primaryimage\"},\"thumbnailUrl\":\"https:\\\/\\\/www.windwerk.ch\\\/wp-content\\\/uploads\\\/2024\\\/03\\\/20220907_windwerk-tagshooting-70-scaled-1.jpg\",\"datePublished\":\"2023-01-01T07:00:07+00:00\",\"dateModified\":\"2024-09-05T14:46:50+00:00\",\"author\":{\"@id\":\"https:\\\/\\\/www.windwerk.ch\\\/de\\\/#\\\/schema\\\/person\\\/4b4273f7f9aa840e90be32d23f46f160\"},\"description\":\"Das Jahr 2022 war der Hammer! Wir geben heute einen R\u00fcckblick \u00fcber unsere pers\u00f6nlichen Highlights des Jahres!\",\"breadcrumb\":{\"@id\":\"https:\\\/\\\/www.windwerk.ch\\\/de\\\/blog\\\/siro-gravity-nextgen#breadcrumb\"},\"inLanguage\":\"de\",\"potentialAction\":[{\"@type\":\"ReadAction\",\"target\":[\"https:\\\/\\\/www.windwerk.ch\\\/de\\\/blog\\\/siro-gravity-nextgen\"]}]},{\"@type\":\"ImageObject\",\"inLanguage\":\"de\",\"@id\":\"https:\\\/\\\/www.windwerk.ch\\\/de\\\/blog\\\/siro-gravity-nextgen#primaryimage\",\"url\":\"https:\\\/\\\/www.windwerk.ch\\\/wp-content\\\/uploads\\\/2024\\\/03\\\/20220907_windwerk-tagshooting-70-scaled-1.jpg\",\"contentUrl\":\"https:\\\/\\\/www.windwerk.ch\\\/wp-content\\\/uploads\\\/2024\\\/03\\\/20220907_windwerk-tagshooting-70-scaled-1.jpg\",\"width\":2560,\"height\":1707},{\"@type\":\"BreadcrumbList\",\"@id\":\"https:\\\/\\\/www.windwerk.ch\\\/de\\\/blog\\\/siro-gravity-nextgen#breadcrumb\",\"itemListElement\":[{\"@type\":\"ListItem\",\"position\":1,\"name\":\"Home\",\"item\":\"https:\\\/\\\/www.windwerk.ch\\\/de\"},{\"@type\":\"ListItem\",\"position\":2,\"name\":\"SIRO Gravity \u2013 die NextGen im Windkanal\"}]},{\"@type\":\"WebSite\",\"@id\":\"https:\\\/\\\/www.windwerk.ch\\\/de\\\/#website\",\"url\":\"https:\\\/\\\/www.windwerk.ch\\\/de\\\/\",\"name\":\"Windwerk Indoor Skydiving und Bodyflying\",\"description\":\"Indoor Skydiving und Bodyflying\",\"potentialAction\":[{\"@type\":\"SearchAction\",\"target\":{\"@type\":\"EntryPoint\",\"urlTemplate\":\"https:\\\/\\\/www.windwerk.ch\\\/de\\\/?s={search_term_string}\"},\"query-input\":{\"@type\":\"PropertyValueSpecification\",\"valueRequired\":true,\"valueName\":\"search_term_string\"}}],\"inLanguage\":\"de\"},{\"@type\":\"Person\",\"@id\":\"https:\\\/\\\/www.windwerk.ch\\\/de\\\/#\\\/schema\\\/person\\\/4b4273f7f9aa840e90be32d23f46f160\",\"name\":\"root\",\"image\":{\"@type\":\"ImageObject\",\"inLanguage\":\"de\",\"@id\":\"https:\\\/\\\/secure.gravatar.com\\\/avatar\\\/9cfc243038f50bd6540edfd6037d93dbab117dd29da1ef07dc2600b49bb95d33?s=96&d=mm&r=g\",\"url\":\"https:\\\/\\\/secure.gravatar.com\\\/avatar\\\/9cfc243038f50bd6540edfd6037d93dbab117dd29da1ef07dc2600b49bb95d33?s=96&d=mm&r=g\",\"contentUrl\":\"https:\\\/\\\/secure.gravatar.com\\\/avatar\\\/9cfc243038f50bd6540edfd6037d93dbab117dd29da1ef07dc2600b49bb95d33?s=96&d=mm&r=g\",\"caption\":\"root\"},\"sameAs\":[\"https:\\\/\\\/www.windwerk.ch\"]}]}<\/script>\n<!-- \/ Yoast SEO Premium plugin. -->","yoast_head_json":{"title":"SIRO Gravity \u2013 die NextGen im Windkanal - Windwerk Indoor Skydiving","description":"Das Jahr 2022 war der Hammer! Wir geben heute einen R\u00fcckblick \u00fcber unsere pers\u00f6nlichen Highlights des Jahres!","robots":{"index":"index","follow":"follow","max-snippet":"max-snippet:-1","max-image-preview":"max-image-preview:large","max-video-preview":"max-video-preview:-1"},"canonical":"https:\/\/www.windwerk.ch\/de\/blog\/siro-gravity-nextgen","og_locale":"de_DE","og_type":"article","og_title":"SIRO Gravity \u2013 die NextGen im Windkanal","og_description":"Das Jahr 2022 war der Hammer! Wir geben heute einen R\u00fcckblick \u00fcber unsere pers\u00f6nlichen Highlights des Jahres!","og_url":"https:\/\/www.windwerk.ch\/de\/blog\/siro-gravity-nextgen","og_site_name":"Windwerk Indoor Skydiving","article_published_time":"2023-01-01T07:00:07+00:00","article_modified_time":"2024-09-05T14:46:50+00:00","og_image":[{"width":2560,"height":1707,"url":"https:\/\/www.windwerk.ch\/wp-content\/uploads\/2024\/03\/20220907_windwerk-tagshooting-70-scaled-1.jpg","type":"image\/jpeg"}],"author":"root","twitter_card":"summary_large_image","twitter_misc":{"Verfasst von":"root","Gesch\u00e4tzte Lesezeit":"3\u00a0Minuten"},"schema":{"@context":"https:\/\/schema.org","@graph":[{"@type":"Article","@id":"https:\/\/www.windwerk.ch\/de\/blog\/siro-gravity-nextgen#article","isPartOf":{"@id":"https:\/\/www.windwerk.ch\/de\/blog\/siro-gravity-nextgen"},"author":{"name":"root","@id":"https:\/\/www.windwerk.ch\/de\/#\/schema\/person\/4b4273f7f9aa840e90be32d23f46f160"},"headline":"SIRO Gravity \u2013 die NextGen im Windkanal","datePublished":"2023-01-01T07:00:07+00:00","dateModified":"2024-09-05T14:46:50+00:00","mainEntityOfPage":{"@id":"https:\/\/www.windwerk.ch\/de\/blog\/siro-gravity-nextgen"},"wordCount":513,"commentCount":0,"image":{"@id":"https:\/\/www.windwerk.ch\/de\/blog\/siro-gravity-nextgen#primaryimage"},"thumbnailUrl":"https:\/\/www.windwerk.ch\/wp-content\/uploads\/2024\/03\/20220907_windwerk-tagshooting-70-scaled-1.jpg","inLanguage":"de","potentialAction":[{"@type":"CommentAction","name":"Comment","target":["https:\/\/www.windwerk.ch\/de\/blog\/siro-gravity-nextgen#respond"]}]},{"@type":"WebPage","@id":"https:\/\/www.windwerk.ch\/de\/blog\/siro-gravity-nextgen","url":"https:\/\/www.windwerk.ch\/de\/blog\/siro-gravity-nextgen","name":"SIRO Gravity \u2013 die NextGen im Windkanal - Windwerk Indoor Skydiving","isPartOf":{"@id":"https:\/\/www.windwerk.ch\/de\/#website"},"primaryImageOfPage":{"@id":"https:\/\/www.windwerk.ch\/de\/blog\/siro-gravity-nextgen#primaryimage"},"image":{"@id":"https:\/\/www.windwerk.ch\/de\/blog\/siro-gravity-nextgen#primaryimage"},"thumbnailUrl":"https:\/\/www.windwerk.ch\/wp-content\/uploads\/2024\/03\/20220907_windwerk-tagshooting-70-scaled-1.jpg","datePublished":"2023-01-01T07:00:07+00:00","dateModified":"2024-09-05T14:46:50+00:00","author":{"@id":"https:\/\/www.windwerk.ch\/de\/#\/schema\/person\/4b4273f7f9aa840e90be32d23f46f160"},"description":"Das Jahr 2022 war der Hammer! Wir geben heute einen R\u00fcckblick \u00fcber unsere pers\u00f6nlichen Highlights des Jahres!","breadcrumb":{"@id":"https:\/\/www.windwerk.ch\/de\/blog\/siro-gravity-nextgen#breadcrumb"},"inLanguage":"de","potentialAction":[{"@type":"ReadAction","target":["https:\/\/www.windwerk.ch\/de\/blog\/siro-gravity-nextgen"]}]},{"@type":"ImageObject","inLanguage":"de","@id":"https:\/\/www.windwerk.ch\/de\/blog\/siro-gravity-nextgen#primaryimage","url":"https:\/\/www.windwerk.ch\/wp-content\/uploads\/2024\/03\/20220907_windwerk-tagshooting-70-scaled-1.jpg","contentUrl":"https:\/\/www.windwerk.ch\/wp-content\/uploads\/2024\/03\/20220907_windwerk-tagshooting-70-scaled-1.jpg","width":2560,"height":1707},{"@type":"BreadcrumbList","@id":"https:\/\/www.windwerk.ch\/de\/blog\/siro-gravity-nextgen#breadcrumb","itemListElement":[{"@type":"ListItem","position":1,"name":"Home","item":"https:\/\/www.windwerk.ch\/de"},{"@type":"ListItem","position":2,"name":"SIRO Gravity \u2013 die NextGen im Windkanal"}]},{"@type":"WebSite","@id":"https:\/\/www.windwerk.ch\/de\/#website","url":"https:\/\/www.windwerk.ch\/de\/","name":"Windwerk Indoor Skydiving und Bodyflying","description":"Indoor Skydiving und Bodyflying","potentialAction":[{"@type":"SearchAction","target":{"@type":"EntryPoint","urlTemplate":"https:\/\/www.windwerk.ch\/de\/?s={search_term_string}"},"query-input":{"@type":"PropertyValueSpecification","valueRequired":true,"valueName":"search_term_string"}}],"inLanguage":"de"},{"@type":"Person","@id":"https:\/\/www.windwerk.ch\/de\/#\/schema\/person\/4b4273f7f9aa840e90be32d23f46f160","name":"root","image":{"@type":"ImageObject","inLanguage":"de","@id":"https:\/\/secure.gravatar.com\/avatar\/9cfc243038f50bd6540edfd6037d93dbab117dd29da1ef07dc2600b49bb95d33?s=96&d=mm&r=g","url":"https:\/\/secure.gravatar.com\/avatar\/9cfc243038f50bd6540edfd6037d93dbab117dd29da1ef07dc2600b49bb95d33?s=96&d=mm&r=g","contentUrl":"https:\/\/secure.gravatar.com\/avatar\/9cfc243038f50bd6540edfd6037d93dbab117dd29da1ef07dc2600b49bb95d33?s=96&d=mm&r=g","caption":"root"},"sameAs":["https:\/\/www.windwerk.ch"]}]}},"_links":{"self":[{"href":"https:\/\/www.windwerk.ch\/de\/wp-json\/wp\/v2\/posts\/629","targetHints":{"allow":["GET"]}}],"collection":[{"href":"https:\/\/www.windwerk.ch\/de\/wp-json\/wp\/v2\/posts"}],"about":[{"href":"https:\/\/www.windwerk.ch\/de\/wp-json\/wp\/v2\/types\/post"}],"author":[{"embeddable":true,"href":"https:\/\/www.windwerk.ch\/de\/wp-json\/wp\/v2\/users\/1"}],"replies":[{"embeddable":true,"href":"https:\/\/www.windwerk.ch\/de\/wp-json\/wp\/v2\/comments?post=629"}],"version-history":[{"count":2,"href":"https:\/\/www.windwerk.ch\/de\/wp-json\/wp\/v2\/posts\/629\/revisions"}],"predecessor-version":[{"id":22513,"href":"https:\/\/www.windwerk.ch\/de\/wp-json\/wp\/v2\/posts\/629\/revisions\/22513"}],"wp:featuredmedia":[{"embeddable":true,"href":"https:\/\/www.windwerk.ch\/de\/wp-json\/wp\/v2\/media\/630"}],"wp:attachment":[{"href":"https:\/\/www.windwerk.ch\/de\/wp-json\/wp\/v2\/media?parent=629"}],"wp:term":[{"taxonomy":"category","embeddable":true,"href":"https:\/\/www.windwerk.ch\/de\/wp-json\/wp\/v2\/categories?post=629"},{"taxonomy":"post_tag","embeddable":true,"href":"https:\/\/www.windwerk.ch\/de\/wp-json\/wp\/v2\/tags?post=629"}],"curies":[{"name":"wp","href":"https:\/\/api.w.org\/{rel}","templated":true}]}}