{"id":661,"date":"2023-12-01T06:14:50","date_gmt":"2023-12-01T06:14:50","guid":{"rendered":"http:\/\/windwerk.ch.w01f6705.kasserver.com\/fuenf-jahre-windwerk\/"},"modified":"2024-09-05T17:05:04","modified_gmt":"2024-09-05T15:05:04","slug":"fuenf-jahre-windwerk","status":"publish","type":"post","link":"https:\/\/www.windwerk.ch\/de\/blog\/fuenf-jahre-windwerk","title":{"rendered":"Wir heben ab: 5 Jahre Windwerk"},"content":{"rendered":"<p style=\"font-weight: 400;\">Die Spatzen haben es bereits lautstark von den D\u00e4chern gepfiffen \u2013 wir feiern im Dezember dieses Jahres unser 5-j\u00e4hriges Jubil\u00e4um! Unsere Reise von der erstmal versponnenen Idee, einen Windkanal zu bauen, \u00fcber die Planung, Realisierung, Er\u00f6ffnung bis heute war gepr\u00e4gt von Visionen, Gl\u00fccksgef\u00fchlen, Fuck-Ups, Ver\u00e4nderungen, Viren, Wackelbacken, tollen Menschen und vielem mehr. Unsere Vision: Das Fliegen mit dem eigenen K\u00f6rper allen Menschen zu erm\u00f6glichen. Diese Mission leitet uns bis heute.<\/p>\n<blockquote><p>2016<\/p><\/blockquote>\n<p style=\"font-weight: 400;\">Fangen wir jedoch von vorne an: Im Juli 2016 haben wir nach vielen Gespr\u00e4chen endlich den Mut gefasst und unser Commitment mit der Firmengr\u00fcndung und Eintragung besiegelt.<\/p>\n<blockquote><p>2017<\/p><\/blockquote>\n<p style=\"font-weight: 400;\">2017 ging es dann richtig los: Und zwar mit einer grossen Portion Aufregung und Vorfreude zugleich. Einen lang ersehnten Meilenstein setzten wir am 17. Oktober mit dem Spatenstich und dem offiziellen Medientermin. Jetzt war klar: Wir bringen das Projekt zum Fliegen!<\/p>\n<p><img decoding=\"async\" class=\"aligncenter size-large wp-image-664 lazyload\" data-src=\"https:\/\/www.windwerk.ch\/wp-content\/uploads\/2024\/03\/windwerk-spatenstich-03-scaled-1-1024x682.jpg\" alt=\"\" width=\"1024\" height=\"682\" data-srcset=\"https:\/\/www.windwerk.ch\/wp-content\/uploads\/2024\/03\/windwerk-spatenstich-03-scaled-1-1024x682.jpg 1024w, https:\/\/www.windwerk.ch\/wp-content\/uploads\/2024\/03\/windwerk-spatenstich-03-scaled-1-300x200.jpg 300w, https:\/\/www.windwerk.ch\/wp-content\/uploads\/2024\/03\/windwerk-spatenstich-03-scaled-1-768x511.jpg 768w, https:\/\/www.windwerk.ch\/wp-content\/uploads\/2024\/03\/windwerk-spatenstich-03-scaled-1-1536x1022.jpg 1536w, https:\/\/www.windwerk.ch\/wp-content\/uploads\/2024\/03\/windwerk-spatenstich-03-scaled-1-2048x1363.jpg 2048w\" data-sizes=\"(max-width: 1024px) 100vw, 1024px\" src=\"data:image\/svg+xml;base64,PHN2ZyB3aWR0aD0iMSIgaGVpZ2h0PSIxIiB4bWxucz0iaHR0cDovL3d3dy53My5vcmcvMjAwMC9zdmciPjwvc3ZnPg==\" style=\"--smush-placeholder-width: 1024px; --smush-placeholder-aspect-ratio: 1024\/682;\" \/><\/p>\n<p>&nbsp;<\/p>\n<blockquote><p>2018<\/p><\/blockquote>\n<p style=\"font-weight: 400;\">Im Mai 2018 begannen wir mit einer der sch\u00f6nsten, aber auch anstrengendsten Aufgaben: Das operative Team, bestehend aus insgesamt 20 Personen, wurde zusammengestellt, um sich auf die Er\u00f6ffnung vorzubereiten. Doch vorher erfolgte der absolute H\u00f6hepunkt unserer bisherigen Reise: <a href=\"https:\/\/www.instagram.com\/p\/BqLH48hiYC5\/?igshid=MzRlODBiNWFlZA==\">Der erste Flug<\/a>! Am 14. November \u2013 nach \u00fcber zwei Jahren Vorbereitungszeit \u2013 flogen wir tats\u00e4chlich in unserem eigenen Windkanal. Das war ein unglaublich gutes Feeling. Am 8. Dezember feierten wir mit einer <a href=\"https:\/\/www.instagram.com\/p\/BrS0TtAChN5\/?igshid=MzRlODBiNWFlZA==\">Opening Party<\/a> unseren grossen Tag und blickten voll Freude und Stolz auf das Erreichte. Einen Tag sp\u00e4ter \u00f6ffneten wir offiziell die T\u00fcren f\u00fcr unsere Besucher:innen. Seitdem haben unz\u00e4hlige Menschen bei uns einzigartige Flugerlebnisse und unvergessliche Momente erlebt.<\/p>\n<p><img decoding=\"async\" class=\"aligncenter size-large wp-image-665 lazyload\" data-src=\"https:\/\/www.windwerk.ch\/wp-content\/uploads\/2024\/03\/firstflight-3-von-8-scaled-1-1024x678.jpg\" alt=\"\" width=\"1024\" height=\"678\" data-srcset=\"https:\/\/www.windwerk.ch\/wp-content\/uploads\/2024\/03\/firstflight-3-von-8-scaled-1-1024x678.jpg 1024w, https:\/\/www.windwerk.ch\/wp-content\/uploads\/2024\/03\/firstflight-3-von-8-scaled-1-300x199.jpg 300w, https:\/\/www.windwerk.ch\/wp-content\/uploads\/2024\/03\/firstflight-3-von-8-scaled-1-768x509.jpg 768w, https:\/\/www.windwerk.ch\/wp-content\/uploads\/2024\/03\/firstflight-3-von-8-scaled-1-1536x1018.jpg 1536w, https:\/\/www.windwerk.ch\/wp-content\/uploads\/2024\/03\/firstflight-3-von-8-scaled-1-2048x1357.jpg 2048w\" data-sizes=\"(max-width: 1024px) 100vw, 1024px\" src=\"data:image\/svg+xml;base64,PHN2ZyB3aWR0aD0iMSIgaGVpZ2h0PSIxIiB4bWxucz0iaHR0cDovL3d3dy53My5vcmcvMjAwMC9zdmciPjwvc3ZnPg==\" style=\"--smush-placeholder-width: 1024px; --smush-placeholder-aspect-ratio: 1024\/678;\" \/><\/p>\n<p>&nbsp;<\/p>\n<blockquote><p>2019<\/p><\/blockquote>\n<p style=\"font-weight: 400;\">Im Jahr 2019 waren wir damit besch\u00e4ftigt, unseren Betrieb auf optimale Beine zu stellen. Im t\u00e4glichen Gesch\u00e4ft haben wir viel dazu gelernt und an verschiedenen Stellschrauben gedreht, um in allen Bereichen noch besser zu werden.<\/p>\n<blockquote><p>2020<\/p><\/blockquote>\n<p style=\"font-weight: 400;\">Und dann kam f\u00fcr uns alle das unfassbare Jahr 2020 mit einer weltweiten Pandemie! Diese Zeit wird immer ein besonderes Kapitel in unserer Geschichte bleiben. Erst hatten wir einen Hochleistungsstart in den Monaten Januar und Februar hingelegt, der Windkanal lief heiss. Dann standen wir vor einer v\u00f6llig neuen und unerwarteten Herausforderung: COVID-19. Die schlimmste Zeit f\u00fcr uns war der Beginn der Pandemie mit dem ersten kompletten Lockdown von M\u00e4rz bis Mai. Keiner wusste wirklich, wie lange die Situation so bleiben w\u00fcrde. Wir erinnern uns aber auch an den aufregenden Moment, als uns Daniel Koch, damaliger Leiter der Abteilung \u00ab\u00dcbertragbare Krankheiten\u00bb beim BAG, besuchte und seine ersten Flugversuche unternahm. Und nicht zu vergessen, unsere Mini-Competition, die einige sicher noch in Erinnerung haben. 2020 war definitiv ein herausforderndes Jahr, aber es hat uns auch gezeigt, wie widerstandsf\u00e4hig und entschlossen wir sind, erfolgreich zu sein.<\/p>\n<blockquote><p>2021<\/p><\/blockquote>\n<p style=\"font-weight: 400;\">Mit dem Jahr 2021 kam die Hoffnung, dass die Pandemie endlich zu Ende geht. Wir konnten wieder Competitions starten, die Proflyer-Community wuchs und wir erhielten die Zusage f\u00fcr die Austragung der <a href=\"https:\/\/www.instagram.com\/p\/Cbp43acKDwH\/?utm_source=ig_web_copy_link&amp;igshid=MzRlODBiNWFlZA==\">Swiss Championships 2022<\/a>. Ausserdem feierten wir in Kooperation mit unseren B2B-Partnern legend\u00e4re Partys und durften wieder viele Teamevents bei uns hosten. Bis heute eine unserer Lieblingsaufgaben. Nat\u00fcrlich fand das alles nicht im gewohnten Rahmen statt, sondern war nach wie vor gepr\u00e4gt von den Coronabestimmungen.<\/p>\n<p>&nbsp;<\/p>\n<blockquote><p>2022<\/p><\/blockquote>\n<p style=\"font-weight: 400;\">2022 war die Welt \u2013 zumindest in Bezug auf die Pandemie \u2013 wieder in Ordnung. Wir haben die Schweizer Meisterschaften 2022 bei uns im Windwerk ausgerichtet, was uns m\u00e4chtig stolz macht. Es war ein super Anlass: Krasse Performances, spannende Battles im Dynamic Flying, Livestreams und eine mega After-Party. Ganz nach unserem Geschmack! Kurz darauf durften wir ein Team bestehend aus vier Windwerk-Instruktoren (Team Tschaby Windwerk) zur <a href=\"https:\/\/www.instagram.com\/p\/CcQdm6dqozF\/?utm_source=ig_web_copy_link&amp;igshid=MzRlODBiNWFlZA==\">European Indoor Skydiving Championships nach Charleroi<\/a> schicken! Zur\u00fcck kamen sie als viertbestes Team in Europa! Ausserdem haben wir die Charity-Aktion \u00abWenn W\u00fcnsche fliegen lernen\u00bb ins Leben gerufen. Gemeinsam mit Bine (Gr\u00fcnderin des Challenge Camps Vereins und Proflyerin) veranstalten wir einmal im Quartal einen <a href=\"https:\/\/forms.office.com\/pages\/responsepage.aspx?id=B2o4uGSy3k2tpm_0qxtNtVN_neXmO21BrQ3AENhjuKJURVQ2OFhaSFZHTjFUVEEyNTNPSk1LRVZTQiQlQCN0PWcu&amp;wdLOR=cC635C7F2-8099-B54E-9298-E267E9DB0A6E&amp;utm_source=Windwerk&amp;utm_campaign=3eabdf4c9b-2309_Newsletter_Windwerk&amp;utm_medium=email&amp;utm_term=0_34a0092883-3eabdf4c9b-361544942&amp;mc_cid=3eabdf4c9b&amp;mc_eid=c9e662284c\">kostenfreien Event<\/a> f\u00fcr Menschen mit Beeintr\u00e4chtigungen oder Menschen, die schwere Schicksalsschl\u00e4ge erleiden mussten, um ihnen ein <a href=\"https:\/\/www.instagram.com\/p\/ChcEvDFK53s\/\">unvergessliches Erlebnis<\/a> zu bieten und f\u00fcr manche einen lang ersehnten Traum zu erf\u00fcllen.<\/p>\n<p style=\"font-weight: 400;\">Was im Jahr 2023 alles lief, berichten wir euch im n\u00e4chsten Blogbeitrag. Jetzt sind wir erst einmal stolz auf alles, was wir in den letzten f\u00fcnf Jahren erreicht haben und freuen uns auf die zuk\u00fcnftigen Herausforderungen und Chancen. F\u00fcr all die Unterst\u00fctzung, Zusammenarbeit und das Vertrauen geht ein riesiger Dank an unser engagiertes Team und unsere gesch\u00e4tzten Kund:innen und Partner, die unseren Erfolg m\u00f6glich machen. Wir werden alles daf\u00fcr tun, um noch viele Menschen in die Welt des Fliegens einzuf\u00fchren und ihnen unvergessliche Erlebnisse zu bieten.<\/p>\n<p style=\"font-weight: 400;\">Und wer noch mehr \u00fcber die Entstehung des Windwerks wissen m\u00f6chte \u2013 hautnah und ganz pers\u00f6nlich \u2013, sollte das <a href=\"https:\/\/www.windwerk.ch\/de\/blog\/die-story\">Interview<\/a> mit Tobias Oertle, Mitinitiator und Gesch\u00e4ftsf\u00fchrer des Windwerks, lesen.<\/p>\n","protected":false},"excerpt":{"rendered":"<p>Die Spatzen haben es bereits lautstark von den D\u00e4chern gepfiffen \u2013 wir feiern im Dezember dieses Jahres unser 5-j\u00e4hriges Jubil\u00e4um! Unsere Reise von der erstmal versponnenen Idee, einen Windkanal zu &#8230;<\/p>\n","protected":false},"author":1,"featured_media":662,"comment_status":"open","ping_status":"open","sticky":false,"template":"","format":"standard","meta":{"_acf_changed":false,"footnotes":""},"categories":[48],"tags":[],"class_list":["post-661","post","type-post","status-publish","format-standard","has-post-thumbnail","hentry","category-allgemein","has_thumb"],"acf":[],"yoast_head":"<!-- This site is optimized with the Yoast SEO Premium plugin v26.0 (Yoast SEO v27.3) - https:\/\/yoast.com\/product\/yoast-seo-premium-wordpress\/ -->\n<title>Wir heben ab: 5 Jahre Windwerk - Windwerk Indoor Skydiving<\/title>\n<meta name=\"description\" content=\"Mein erster Flug: In die T\u00fcr stehen, Arme nach oben, Gesicht voran in den Windkanal fallen lassen \u2013 eine pl\u00f6tzliche Flut von Emotionen...\" \/>\n<meta name=\"robots\" content=\"index, follow, max-snippet:-1, max-image-preview:large, max-video-preview:-1\" \/>\n<link rel=\"canonical\" href=\"https:\/\/www.windwerk.ch\/de\/blog\/fuenf-jahre-windwerk\" \/>\n<meta property=\"og:locale\" content=\"de_DE\" \/>\n<meta property=\"og:type\" content=\"article\" \/>\n<meta property=\"og:title\" content=\"Wir heben ab: 5 Jahre Windwerk\" \/>\n<meta property=\"og:description\" content=\"Mein erster Flug: In die T\u00fcr stehen, Arme nach oben, Gesicht voran in den Windkanal fallen lassen \u2013 eine pl\u00f6tzliche Flut von Emotionen...\" \/>\n<meta property=\"og:url\" content=\"https:\/\/www.windwerk.ch\/de\/blog\/fuenf-jahre-windwerk\" \/>\n<meta property=\"og:site_name\" content=\"Windwerk Indoor Skydiving\" \/>\n<meta property=\"article:published_time\" content=\"2023-12-01T06:14:50+00:00\" \/>\n<meta property=\"article:modified_time\" content=\"2024-09-05T15:05:04+00:00\" \/>\n<meta property=\"og:image\" content=\"https:\/\/www.windwerk.ch\/wp-content\/uploads\/2024\/03\/20230828_windwerk-shooting-135-scaled-1.jpg\" \/>\n\t<meta property=\"og:image:width\" content=\"2560\" \/>\n\t<meta property=\"og:image:height\" content=\"1707\" \/>\n\t<meta property=\"og:image:type\" content=\"image\/jpeg\" \/>\n<meta name=\"author\" content=\"root\" \/>\n<meta name=\"twitter:card\" content=\"summary_large_image\" \/>\n<meta name=\"twitter:label1\" content=\"Verfasst von\" \/>\n\t<meta name=\"twitter:data1\" content=\"root\" \/>\n\t<meta name=\"twitter:label2\" content=\"Gesch\u00e4tzte Lesezeit\" \/>\n\t<meta name=\"twitter:data2\" content=\"5\u00a0Minuten\" \/>\n<script type=\"application\/ld+json\" class=\"yoast-schema-graph\">{\"@context\":\"https:\\\/\\\/schema.org\",\"@graph\":[{\"@type\":\"Article\",\"@id\":\"https:\\\/\\\/www.windwerk.ch\\\/de\\\/blog\\\/fuenf-jahre-windwerk#article\",\"isPartOf\":{\"@id\":\"https:\\\/\\\/www.windwerk.ch\\\/de\\\/blog\\\/fuenf-jahre-windwerk\"},\"author\":{\"name\":\"root\",\"@id\":\"https:\\\/\\\/www.windwerk.ch\\\/de\\\/#\\\/schema\\\/person\\\/4b4273f7f9aa840e90be32d23f46f160\"},\"headline\":\"Wir heben ab: 5 Jahre Windwerk\",\"datePublished\":\"2023-12-01T06:14:50+00:00\",\"dateModified\":\"2024-09-05T15:05:04+00:00\",\"mainEntityOfPage\":{\"@id\":\"https:\\\/\\\/www.windwerk.ch\\\/de\\\/blog\\\/fuenf-jahre-windwerk\"},\"wordCount\":795,\"commentCount\":0,\"image\":{\"@id\":\"https:\\\/\\\/www.windwerk.ch\\\/de\\\/blog\\\/fuenf-jahre-windwerk#primaryimage\"},\"thumbnailUrl\":\"https:\\\/\\\/www.windwerk.ch\\\/wp-content\\\/uploads\\\/2024\\\/03\\\/20230828_windwerk-shooting-135-scaled-1.jpg\",\"inLanguage\":\"de\",\"potentialAction\":[{\"@type\":\"CommentAction\",\"name\":\"Comment\",\"target\":[\"https:\\\/\\\/www.windwerk.ch\\\/de\\\/blog\\\/fuenf-jahre-windwerk#respond\"]}]},{\"@type\":\"WebPage\",\"@id\":\"https:\\\/\\\/www.windwerk.ch\\\/de\\\/blog\\\/fuenf-jahre-windwerk\",\"url\":\"https:\\\/\\\/www.windwerk.ch\\\/de\\\/blog\\\/fuenf-jahre-windwerk\",\"name\":\"Wir heben ab: 5 Jahre Windwerk - Windwerk Indoor Skydiving\",\"isPartOf\":{\"@id\":\"https:\\\/\\\/www.windwerk.ch\\\/de\\\/#website\"},\"primaryImageOfPage\":{\"@id\":\"https:\\\/\\\/www.windwerk.ch\\\/de\\\/blog\\\/fuenf-jahre-windwerk#primaryimage\"},\"image\":{\"@id\":\"https:\\\/\\\/www.windwerk.ch\\\/de\\\/blog\\\/fuenf-jahre-windwerk#primaryimage\"},\"thumbnailUrl\":\"https:\\\/\\\/www.windwerk.ch\\\/wp-content\\\/uploads\\\/2024\\\/03\\\/20230828_windwerk-shooting-135-scaled-1.jpg\",\"datePublished\":\"2023-12-01T06:14:50+00:00\",\"dateModified\":\"2024-09-05T15:05:04+00:00\",\"author\":{\"@id\":\"https:\\\/\\\/www.windwerk.ch\\\/de\\\/#\\\/schema\\\/person\\\/4b4273f7f9aa840e90be32d23f46f160\"},\"description\":\"Mein erster Flug: In die T\u00fcr stehen, Arme nach oben, Gesicht voran in den Windkanal fallen lassen \u2013 eine pl\u00f6tzliche Flut von Emotionen...\",\"breadcrumb\":{\"@id\":\"https:\\\/\\\/www.windwerk.ch\\\/de\\\/blog\\\/fuenf-jahre-windwerk#breadcrumb\"},\"inLanguage\":\"de\",\"potentialAction\":[{\"@type\":\"ReadAction\",\"target\":[\"https:\\\/\\\/www.windwerk.ch\\\/de\\\/blog\\\/fuenf-jahre-windwerk\"]}]},{\"@type\":\"ImageObject\",\"inLanguage\":\"de\",\"@id\":\"https:\\\/\\\/www.windwerk.ch\\\/de\\\/blog\\\/fuenf-jahre-windwerk#primaryimage\",\"url\":\"https:\\\/\\\/www.windwerk.ch\\\/wp-content\\\/uploads\\\/2024\\\/03\\\/20230828_windwerk-shooting-135-scaled-1.jpg\",\"contentUrl\":\"https:\\\/\\\/www.windwerk.ch\\\/wp-content\\\/uploads\\\/2024\\\/03\\\/20230828_windwerk-shooting-135-scaled-1.jpg\",\"width\":2560,\"height\":1707},{\"@type\":\"BreadcrumbList\",\"@id\":\"https:\\\/\\\/www.windwerk.ch\\\/de\\\/blog\\\/fuenf-jahre-windwerk#breadcrumb\",\"itemListElement\":[{\"@type\":\"ListItem\",\"position\":1,\"name\":\"Home\",\"item\":\"https:\\\/\\\/www.windwerk.ch\\\/de\"},{\"@type\":\"ListItem\",\"position\":2,\"name\":\"Wir heben ab: 5 Jahre Windwerk\"}]},{\"@type\":\"WebSite\",\"@id\":\"https:\\\/\\\/www.windwerk.ch\\\/de\\\/#website\",\"url\":\"https:\\\/\\\/www.windwerk.ch\\\/de\\\/\",\"name\":\"Windwerk Indoor Skydiving und Bodyflying\",\"description\":\"Indoor Skydiving und Bodyflying\",\"potentialAction\":[{\"@type\":\"SearchAction\",\"target\":{\"@type\":\"EntryPoint\",\"urlTemplate\":\"https:\\\/\\\/www.windwerk.ch\\\/de\\\/?s={search_term_string}\"},\"query-input\":{\"@type\":\"PropertyValueSpecification\",\"valueRequired\":true,\"valueName\":\"search_term_string\"}}],\"inLanguage\":\"de\"},{\"@type\":\"Person\",\"@id\":\"https:\\\/\\\/www.windwerk.ch\\\/de\\\/#\\\/schema\\\/person\\\/4b4273f7f9aa840e90be32d23f46f160\",\"name\":\"root\",\"image\":{\"@type\":\"ImageObject\",\"inLanguage\":\"de\",\"@id\":\"https:\\\/\\\/secure.gravatar.com\\\/avatar\\\/9cfc243038f50bd6540edfd6037d93dbab117dd29da1ef07dc2600b49bb95d33?s=96&d=mm&r=g\",\"url\":\"https:\\\/\\\/secure.gravatar.com\\\/avatar\\\/9cfc243038f50bd6540edfd6037d93dbab117dd29da1ef07dc2600b49bb95d33?s=96&d=mm&r=g\",\"contentUrl\":\"https:\\\/\\\/secure.gravatar.com\\\/avatar\\\/9cfc243038f50bd6540edfd6037d93dbab117dd29da1ef07dc2600b49bb95d33?s=96&d=mm&r=g\",\"caption\":\"root\"},\"sameAs\":[\"https:\\\/\\\/www.windwerk.ch\"]}]}<\/script>\n<!-- \/ Yoast SEO Premium plugin. -->","yoast_head_json":{"title":"Wir heben ab: 5 Jahre Windwerk - Windwerk Indoor Skydiving","description":"Mein erster Flug: In die T\u00fcr stehen, Arme nach oben, Gesicht voran in den Windkanal fallen lassen \u2013 eine pl\u00f6tzliche Flut von Emotionen...","robots":{"index":"index","follow":"follow","max-snippet":"max-snippet:-1","max-image-preview":"max-image-preview:large","max-video-preview":"max-video-preview:-1"},"canonical":"https:\/\/www.windwerk.ch\/de\/blog\/fuenf-jahre-windwerk","og_locale":"de_DE","og_type":"article","og_title":"Wir heben ab: 5 Jahre Windwerk","og_description":"Mein erster Flug: In die T\u00fcr stehen, Arme nach oben, Gesicht voran in den Windkanal fallen lassen \u2013 eine pl\u00f6tzliche Flut von Emotionen...","og_url":"https:\/\/www.windwerk.ch\/de\/blog\/fuenf-jahre-windwerk","og_site_name":"Windwerk Indoor Skydiving","article_published_time":"2023-12-01T06:14:50+00:00","article_modified_time":"2024-09-05T15:05:04+00:00","og_image":[{"width":2560,"height":1707,"url":"https:\/\/www.windwerk.ch\/wp-content\/uploads\/2024\/03\/20230828_windwerk-shooting-135-scaled-1.jpg","type":"image\/jpeg"}],"author":"root","twitter_card":"summary_large_image","twitter_misc":{"Verfasst von":"root","Gesch\u00e4tzte Lesezeit":"5\u00a0Minuten"},"schema":{"@context":"https:\/\/schema.org","@graph":[{"@type":"Article","@id":"https:\/\/www.windwerk.ch\/de\/blog\/fuenf-jahre-windwerk#article","isPartOf":{"@id":"https:\/\/www.windwerk.ch\/de\/blog\/fuenf-jahre-windwerk"},"author":{"name":"root","@id":"https:\/\/www.windwerk.ch\/de\/#\/schema\/person\/4b4273f7f9aa840e90be32d23f46f160"},"headline":"Wir heben ab: 5 Jahre Windwerk","datePublished":"2023-12-01T06:14:50+00:00","dateModified":"2024-09-05T15:05:04+00:00","mainEntityOfPage":{"@id":"https:\/\/www.windwerk.ch\/de\/blog\/fuenf-jahre-windwerk"},"wordCount":795,"commentCount":0,"image":{"@id":"https:\/\/www.windwerk.ch\/de\/blog\/fuenf-jahre-windwerk#primaryimage"},"thumbnailUrl":"https:\/\/www.windwerk.ch\/wp-content\/uploads\/2024\/03\/20230828_windwerk-shooting-135-scaled-1.jpg","inLanguage":"de","potentialAction":[{"@type":"CommentAction","name":"Comment","target":["https:\/\/www.windwerk.ch\/de\/blog\/fuenf-jahre-windwerk#respond"]}]},{"@type":"WebPage","@id":"https:\/\/www.windwerk.ch\/de\/blog\/fuenf-jahre-windwerk","url":"https:\/\/www.windwerk.ch\/de\/blog\/fuenf-jahre-windwerk","name":"Wir heben ab: 5 Jahre Windwerk - Windwerk Indoor Skydiving","isPartOf":{"@id":"https:\/\/www.windwerk.ch\/de\/#website"},"primaryImageOfPage":{"@id":"https:\/\/www.windwerk.ch\/de\/blog\/fuenf-jahre-windwerk#primaryimage"},"image":{"@id":"https:\/\/www.windwerk.ch\/de\/blog\/fuenf-jahre-windwerk#primaryimage"},"thumbnailUrl":"https:\/\/www.windwerk.ch\/wp-content\/uploads\/2024\/03\/20230828_windwerk-shooting-135-scaled-1.jpg","datePublished":"2023-12-01T06:14:50+00:00","dateModified":"2024-09-05T15:05:04+00:00","author":{"@id":"https:\/\/www.windwerk.ch\/de\/#\/schema\/person\/4b4273f7f9aa840e90be32d23f46f160"},"description":"Mein erster Flug: In die T\u00fcr stehen, Arme nach oben, Gesicht voran in den Windkanal fallen lassen \u2013 eine pl\u00f6tzliche Flut von Emotionen...","breadcrumb":{"@id":"https:\/\/www.windwerk.ch\/de\/blog\/fuenf-jahre-windwerk#breadcrumb"},"inLanguage":"de","potentialAction":[{"@type":"ReadAction","target":["https:\/\/www.windwerk.ch\/de\/blog\/fuenf-jahre-windwerk"]}]},{"@type":"ImageObject","inLanguage":"de","@id":"https:\/\/www.windwerk.ch\/de\/blog\/fuenf-jahre-windwerk#primaryimage","url":"https:\/\/www.windwerk.ch\/wp-content\/uploads\/2024\/03\/20230828_windwerk-shooting-135-scaled-1.jpg","contentUrl":"https:\/\/www.windwerk.ch\/wp-content\/uploads\/2024\/03\/20230828_windwerk-shooting-135-scaled-1.jpg","width":2560,"height":1707},{"@type":"BreadcrumbList","@id":"https:\/\/www.windwerk.ch\/de\/blog\/fuenf-jahre-windwerk#breadcrumb","itemListElement":[{"@type":"ListItem","position":1,"name":"Home","item":"https:\/\/www.windwerk.ch\/de"},{"@type":"ListItem","position":2,"name":"Wir heben ab: 5 Jahre Windwerk"}]},{"@type":"WebSite","@id":"https:\/\/www.windwerk.ch\/de\/#website","url":"https:\/\/www.windwerk.ch\/de\/","name":"Windwerk Indoor Skydiving und Bodyflying","description":"Indoor Skydiving und Bodyflying","potentialAction":[{"@type":"SearchAction","target":{"@type":"EntryPoint","urlTemplate":"https:\/\/www.windwerk.ch\/de\/?s={search_term_string}"},"query-input":{"@type":"PropertyValueSpecification","valueRequired":true,"valueName":"search_term_string"}}],"inLanguage":"de"},{"@type":"Person","@id":"https:\/\/www.windwerk.ch\/de\/#\/schema\/person\/4b4273f7f9aa840e90be32d23f46f160","name":"root","image":{"@type":"ImageObject","inLanguage":"de","@id":"https:\/\/secure.gravatar.com\/avatar\/9cfc243038f50bd6540edfd6037d93dbab117dd29da1ef07dc2600b49bb95d33?s=96&d=mm&r=g","url":"https:\/\/secure.gravatar.com\/avatar\/9cfc243038f50bd6540edfd6037d93dbab117dd29da1ef07dc2600b49bb95d33?s=96&d=mm&r=g","contentUrl":"https:\/\/secure.gravatar.com\/avatar\/9cfc243038f50bd6540edfd6037d93dbab117dd29da1ef07dc2600b49bb95d33?s=96&d=mm&r=g","caption":"root"},"sameAs":["https:\/\/www.windwerk.ch"]}]}},"_links":{"self":[{"href":"https:\/\/www.windwerk.ch\/de\/wp-json\/wp\/v2\/posts\/661","targetHints":{"allow":["GET"]}}],"collection":[{"href":"https:\/\/www.windwerk.ch\/de\/wp-json\/wp\/v2\/posts"}],"about":[{"href":"https:\/\/www.windwerk.ch\/de\/wp-json\/wp\/v2\/types\/post"}],"author":[{"embeddable":true,"href":"https:\/\/www.windwerk.ch\/de\/wp-json\/wp\/v2\/users\/1"}],"replies":[{"embeddable":true,"href":"https:\/\/www.windwerk.ch\/de\/wp-json\/wp\/v2\/comments?post=661"}],"version-history":[{"count":1,"href":"https:\/\/www.windwerk.ch\/de\/wp-json\/wp\/v2\/posts\/661\/revisions"}],"predecessor-version":[{"id":22554,"href":"https:\/\/www.windwerk.ch\/de\/wp-json\/wp\/v2\/posts\/661\/revisions\/22554"}],"wp:featuredmedia":[{"embeddable":true,"href":"https:\/\/www.windwerk.ch\/de\/wp-json\/wp\/v2\/media\/662"}],"wp:attachment":[{"href":"https:\/\/www.windwerk.ch\/de\/wp-json\/wp\/v2\/media?parent=661"}],"wp:term":[{"taxonomy":"category","embeddable":true,"href":"https:\/\/www.windwerk.ch\/de\/wp-json\/wp\/v2\/categories?post=661"},{"taxonomy":"post_tag","embeddable":true,"href":"https:\/\/www.windwerk.ch\/de\/wp-json\/wp\/v2\/tags?post=661"}],"curies":[{"name":"wp","href":"https:\/\/api.w.org\/{rel}","templated":true}]}}